{"id":14536,"date":"2023-01-21T11:31:27","date_gmt":"2023-01-21T09:31:27","guid":{"rendered":"https:\/\/www.terveilm.ee\/leht\/?p=14536"},"modified":"2023-01-23T11:32:19","modified_gmt":"2023-01-23T09:32:19","slug":"rohepoliitika-eestvedaja-rohepoorde-tegemine-ei-ole-valik-aeg-tiksub-meie-kahjuks","status":"publish","type":"post","link":"https:\/\/www.terveilm.ee\/leht\/blogi\/rohepoliitika-eestvedaja-rohepoorde-tegemine-ei-ole-valik-aeg-tiksub-meie-kahjuks\/","title":{"rendered":"Rohepoliitika eestvedaja: rohep\u00f6\u00f6rde tegemine ei ole valik, aeg tiksub meie kahjuks"},"content":{"rendered":"\n<p>Kas Eestis rohep\u00f6\u00f6ret eest vedavad eksperdid usuvad, et selle tegemine on v\u00f5imalik? Vastust kuuled saatest \u201eRohep\u00f6\u00f6rane\u201c.<\/p>\n\n\n\n<p>Viimases taskuh\u00e4\u00e4lingu \u201eRohep\u00f6\u00f6rane\u201c episoodis olid k\u00fclas Kristi Klaas ja Ivo Krustok riigikantseleist, kes juhivad rohep\u00f6\u00f6rde tegemist Eestis. Riigikantselei rohepoliitika koordinaator Kristi Klaas r\u00f5hutas saates, et tegelikult ei ole meil valikut, kas teha rohep\u00f6\u00f6ret v\u00f5i mitte ning aeg selle tegemiseks hakkab otsa saama.<\/p>\n\n\n\n<p>Saatejuhid Mart Valner ja Madis Vasser uurisid saatek\u00fclalistelt, kuidas nemad rohep\u00f6\u00f6ret m\u00f5istavad. Kristi Klaas n\u00e4eb rohep\u00f6\u00f6ret kui majanduse ja \u00fchiskonna \u00fcmberkujundamist kolme eesm\u00e4rgiga: v\u00e4hendada negatiivset keskkonnam\u00f5ju, tugevdada ettev\u00f5tete konkurentsiv\u00f5imet ja pakkuda inimeste kvaliteetset elu puhtas keskkonnas. Riigikantselei rohepoliitika n\u00f5uniku Ivo Krustoki hinnangul t\u00e4histab rohep\u00f6\u00f6re laiemat muutust \u00fchiskonnas, aga l\u00f5puks on see iga inimese teha, kas tal seostub see s\u00f5na hirmude v\u00f5i v\u00f5imalustega.<\/p>\n\n\n\n<p><a href=\"https:\/\/roheportaal.delfi.ee\/artikkel\/120131234\/rohepoliitika-eestvedaja-rohepoorde-tegemine-ei-ole-valik-aeg-tiksub-meie-kahjuks\" target=\"_blank\" rel=\"noreferrer noopener\">Kuidas teha selline rohep\u00f6\u00f6re, mis k\u00f5ikidele inimestele vastuv\u00f5etav oleks, kuula juba saatest.<\/a><\/p>\n","protected":false},"excerpt":{"rendered":"<p>Kas Eestis rohep\u00f6\u00f6ret eest vedavad eksperdid usuvad, et selle tegemine on v\u00f5imalik? Vastust kuuled saatest \u201eRohep\u00f6\u00f6rane\u201c. Viimases taskuh\u00e4\u00e4lingu \u201eRohep\u00f6\u00f6rane\u201c episoodis&#8230;<\/p>\n","protected":false},"author":26,"featured_media":0,"comment_status":"open","ping_status":"open","sticky":false,"template":"","format":"standard","meta":{"_acf_changed":false,"footnotes":""},"categories":[48],"tags":[60],"class_list":["post-14536","post","type-post","status-publish","format-standard","hentry","category-meediakajastused","tag-rohepoore"],"acf":[],"_links":{"self":[{"href":"https:\/\/www.terveilm.ee\/leht\/wp-json\/wp\/v2\/posts\/14536","targetHints":{"allow":["GET"]}}],"collection":[{"href":"https:\/\/www.terveilm.ee\/leht\/wp-json\/wp\/v2\/posts"}],"about":[{"href":"https:\/\/www.terveilm.ee\/leht\/wp-json\/wp\/v2\/types\/post"}],"author":[{"embeddable":true,"href":"https:\/\/www.terveilm.ee\/leht\/wp-json\/wp\/v2\/users\/26"}],"replies":[{"embeddable":true,"href":"https:\/\/www.terveilm.ee\/leht\/wp-json\/wp\/v2\/comments?post=14536"}],"version-history":[{"count":1,"href":"https:\/\/www.terveilm.ee\/leht\/wp-json\/wp\/v2\/posts\/14536\/revisions"}],"predecessor-version":[{"id":14537,"href":"https:\/\/www.terveilm.ee\/leht\/wp-json\/wp\/v2\/posts\/14536\/revisions\/14537"}],"wp:attachment":[{"href":"https:\/\/www.terveilm.ee\/leht\/wp-json\/wp\/v2\/media?parent=14536"}],"wp:term":[{"taxonomy":"category","embeddable":true,"href":"https:\/\/www.terveilm.ee\/leht\/wp-json\/wp\/v2\/categories?post=14536"},{"taxonomy":"post_tag","embeddable":true,"href":"https:\/\/www.terveilm.ee\/leht\/wp-json\/wp\/v2\/tags?post=14536"}],"curies":[{"name":"wp","href":"https:\/\/api.w.org\/{rel}","templated":true}]}}