{"id":14595,"date":"2023-02-02T14:04:57","date_gmt":"2023-02-02T12:04:57","guid":{"rendered":"https:\/\/www.terveilm.ee\/leht\/?p=14595"},"modified":"2023-02-02T14:04:58","modified_gmt":"2023-02-02T12:04:58","slug":"superrikkad-aina-rikastuvud-neile-kuulub-juba-2-3-kogu-maailmas-loodud-joukusest","status":"publish","type":"post","link":"https:\/\/www.terveilm.ee\/leht\/blogi\/superrikkad-aina-rikastuvud-neile-kuulub-juba-2-3-kogu-maailmas-loodud-joukusest\/","title":{"rendered":"Superrikkad aina rikastuvud. Neile kuulub juba 2\/3 kogu maailmas loodud j\u00f5ukusest"},"content":{"rendered":"\n<p>Ebav\u00f5rduse v\u00e4hendamiseks tuleks 2030. aastaks miljard\u00e4ride arvu poole v\u00e4iksemaks k\u00e4rpida, leidis\u00a0<a rel=\"noreferrer noopener\" href=\"https:\/\/www.oxfam.org\/en\/research\/survival-richest\" target=\"_blank\">Oxfami raport<\/a>.<\/p>\n\n\n\n<p>2022. aastal teatas Maailmapank, et maailm ei suuda saavutada oma eesm\u00e4rki kaotada \u00e4\u00e4rmuslik&nbsp;<a href=\"https:\/\/www.delfi.ee\/teema\/29821897\" rel=\"noreferrer noopener\" target=\"_blank\">vaesus<\/a>&nbsp;aastaks 2030. Samuti teatati, et globaalne progress \u00e4\u00e4rmise vaesuse v\u00e4hendamisel on peatunud \u2013 k\u00e4tte on j\u00f5udnud hoopis suurim t\u00f5us globaalses ebav\u00f5rdsuses ja ulatuslikuim tagasilangus v\u00f5itluses vaesusega alates Teisest Maailmas\u00f5jast. UNDP leidis esimest korda, et inimareng on langenud \u00fcheksas riigis k\u00fcmnest.<\/p>\n\n\n\n<p>Oxfami raport leidis, et 1.7 miljardi t\u00f6\u00f6lise\u00a0<a rel=\"noreferrer noopener\" href=\"https:\/\/www.delfi.ee\/teema\/96843014\" target=\"_blank\">palgat\u00f5us<\/a>\u00a0j\u00e4\u00e4b alla\u00a0<a rel=\"noreferrer noopener\" href=\"https:\/\/www.delfi.ee\/teema\/76411939\" target=\"_blank\">inflatsioonile<\/a>, v\u00e4hendades nende v\u00f5imekust osta toitu v\u00f5i maksta elektri ja k\u00fctte eest. Terved riigid seisavad silmitsi pankrotiga, mida p\u00f5hjustavad kontrollimatult suurenevad v\u00f5lamaksed. Vaeseimad riigid kulutavad neli korda rohkem v\u00f5lgade maksmisele \u2013 sageli r\u00f6\u00f6vellikele rikastele eralaenajatele \u2013 kui tervishoiule. Viie aasta jooksul plaanivad kolm neljandikku valitsusi v\u00e4hendada oma kulutusi, k\u00e4rpides oma kulusid 7.8 triljoni dollari ulatuses.<\/p>\n\n\n\n<p><a href=\"https:\/\/roheportaal.delfi.ee\/artikkel\/120137178\/superrikkad-aina-rikastuvud-neile-kuulub-juba-23-kogu-maailmas-loodud-joukusest\" target=\"_blank\" rel=\"noreferrer noopener\">Loe edasi Delfi Roheportaalist<\/a><\/p>\n","protected":false},"excerpt":{"rendered":"<p>Ebav\u00f5rduse v\u00e4hendamiseks tuleks 2030. aastaks miljard\u00e4ride arvu poole v\u00e4iksemaks k\u00e4rpida, leidis\u00a0Oxfami raport. 2022. aastal teatas Maailmapank, et maailm ei suuda&#8230;<\/p>\n","protected":false},"author":26,"featured_media":0,"comment_status":"open","ping_status":"open","sticky":false,"template":"","format":"standard","meta":{"_acf_changed":false,"footnotes":""},"categories":[48],"tags":[33,24],"class_list":["post-14595","post","type-post","status-publish","format-standard","hentry","category-meediakajastused","tag-majandus","tag-tarbimine"],"acf":[],"_links":{"self":[{"href":"https:\/\/www.terveilm.ee\/leht\/wp-json\/wp\/v2\/posts\/14595","targetHints":{"allow":["GET"]}}],"collection":[{"href":"https:\/\/www.terveilm.ee\/leht\/wp-json\/wp\/v2\/posts"}],"about":[{"href":"https:\/\/www.terveilm.ee\/leht\/wp-json\/wp\/v2\/types\/post"}],"author":[{"embeddable":true,"href":"https:\/\/www.terveilm.ee\/leht\/wp-json\/wp\/v2\/users\/26"}],"replies":[{"embeddable":true,"href":"https:\/\/www.terveilm.ee\/leht\/wp-json\/wp\/v2\/comments?post=14595"}],"version-history":[{"count":1,"href":"https:\/\/www.terveilm.ee\/leht\/wp-json\/wp\/v2\/posts\/14595\/revisions"}],"predecessor-version":[{"id":14596,"href":"https:\/\/www.terveilm.ee\/leht\/wp-json\/wp\/v2\/posts\/14595\/revisions\/14596"}],"wp:attachment":[{"href":"https:\/\/www.terveilm.ee\/leht\/wp-json\/wp\/v2\/media?parent=14595"}],"wp:term":[{"taxonomy":"category","embeddable":true,"href":"https:\/\/www.terveilm.ee\/leht\/wp-json\/wp\/v2\/categories?post=14595"},{"taxonomy":"post_tag","embeddable":true,"href":"https:\/\/www.terveilm.ee\/leht\/wp-json\/wp\/v2\/tags?post=14595"}],"curies":[{"name":"wp","href":"https:\/\/api.w.org\/{rel}","templated":true}]}}