{"id":14717,"date":"2023-03-30T14:02:54","date_gmt":"2023-03-30T11:02:54","guid":{"rendered":"https:\/\/www.terveilm.ee\/leht\/?p=14717"},"modified":"2023-03-30T14:02:54","modified_gmt":"2023-03-30T11:02:54","slug":"avalik-poordumine-eesti-vajab-poliitilist-tahet-taastuvenergiale-uleminekuks","status":"publish","type":"post","link":"https:\/\/www.terveilm.ee\/leht\/blogi\/avalik-poordumine-eesti-vajab-poliitilist-tahet-taastuvenergiale-uleminekuks\/","title":{"rendered":"<strong>Avalik p\u00f6\u00f6rdumine: Eesti vajab poliitilist tahet taastuvenergiale \u00fcleminekuks<\/strong>"},"content":{"rendered":"\n<p><strong>Ligi 20 organisatsiooni saatsid koalitsioonileppe l\u00e4bir\u00e4\u00e4kijatele p\u00f6\u00f6rdumise, milles avaldavad toetust majandus- ja taristuministri seisukohale loobuda uute p\u00f5levkivikaevanduste avamisest. P\u00f6\u00f6rdumises julgustatakse loodavat valitsust tegutsema kliimaneutraalsuse eesm\u00e4rgist l\u00e4htuvalt ja v\u00f5tma selge tulevikusuund taastuvenergiale.<\/strong><\/p>\n\n\n\n<p>P\u00f6\u00f6rdumisega soovivad allakirjutanud tulevaselt valitsuselt kokkuleppeid, mis ei lubaks uusi p\u00f5levkivikaevandusi, ning r\u00f5hutavad, et vaja on selget teekaarti, kuidas minna \u00fcle taastuvenergiale.<\/p>\n\n\n\n<p>\u201cAinu\u00fcksi olemasoleva fossiilk\u00fctuste taristu kasutamine on piisav selleks, et me Pariisi kliimaleppega kokkulepitud eesm\u00e4rki ei saavuta ning kliima soojeneb kahe kraadini, mis \u00fcletab inimkonna taluvuse piiri. Igasugused taastuvenergiale \u00fcleminekut takistavad v\u00f5i viivitavad investeeringud tulevad riigi pikaajaliste eesm\u00e4rkide saavutamisele ainult kahjuks. Eestil tuleb v\u00e4ltida tegevusi, mis lukustavad meid fossiilk\u00fctuste p\u00f5hise majanduse l\u00f5ksu kasv\u00f5i l\u00fchikeseks ajaks ning annavad hoogu kliimakriisile\u201d, selgitas Eestimaa Looduse Fondi kliimapoliitika ekspert&nbsp;<strong>Piret V\u00e4insalu<\/strong>.<\/p>\n\n\n\n<p>Selle asemel vajame tulevikku vaatavat ja terviklikku k\u00e4sitlust, kuidas katta Eesti vajadused taastuvenergiaga, garanteerides samal ajal ka laiem \u00fchiskondlik kasu ja looduse hea k\u00e4ek\u00e4ik.<\/p>\n\n\n\n<p><strong>Vaata lisaks:<\/strong><\/p>\n\n\n\n<p><a href=\"https:\/\/media.voog.com\/0000\/0037\/1265\/files\/Eesti%20vajab%20poliitilist%20tahet%20taastuvenergiale%20%C3%BCleminekuks_poordumine30.03.2023.pdf\" target=\"_blank\" rel=\"noreferrer noopener\">Avalik<\/a><a href=\"https:\/\/media.voog.com\/0000\/0037\/1265\/files\/Eesti%20vajab%20poliitilist%20tahet%20taastuvenergiale%20%C3%BCleminekuks_poordumine30.03.2023.pdf\" target=\"_blank\" rel=\"noreferrer noopener\">&nbsp;p\u00f6\u00f6rdumine: Eesti vajab poliitilist tahet taastuvenergiale \u00fcleminekuks<\/a><\/p>\n","protected":false},"excerpt":{"rendered":"<p>Ligi 20 organisatsiooni saatsid koalitsioonileppe l\u00e4bir\u00e4\u00e4kijatele p\u00f6\u00f6rdumise, milles avaldavad toetust majandus- ja taristuministri seisukohale loobuda uute p\u00f5levkivikaevanduste avamisest. P\u00f6\u00f6rdumises julgustatakse&#8230;<\/p>\n","protected":false},"author":26,"featured_media":12000,"comment_status":"open","ping_status":"open","sticky":false,"template":"","format":"standard","meta":{"_acf_changed":false,"footnotes":""},"categories":[3],"tags":[31,25,28],"class_list":["post-14717","post","type-post","status-publish","format-standard","has-post-thumbnail","hentry","category-blogi","tag-aku","tag-kliimamuutused","tag-poliitikate-sidusus"],"acf":[],"_links":{"self":[{"href":"https:\/\/www.terveilm.ee\/leht\/wp-json\/wp\/v2\/posts\/14717","targetHints":{"allow":["GET"]}}],"collection":[{"href":"https:\/\/www.terveilm.ee\/leht\/wp-json\/wp\/v2\/posts"}],"about":[{"href":"https:\/\/www.terveilm.ee\/leht\/wp-json\/wp\/v2\/types\/post"}],"author":[{"embeddable":true,"href":"https:\/\/www.terveilm.ee\/leht\/wp-json\/wp\/v2\/users\/26"}],"replies":[{"embeddable":true,"href":"https:\/\/www.terveilm.ee\/leht\/wp-json\/wp\/v2\/comments?post=14717"}],"version-history":[{"count":1,"href":"https:\/\/www.terveilm.ee\/leht\/wp-json\/wp\/v2\/posts\/14717\/revisions"}],"predecessor-version":[{"id":14718,"href":"https:\/\/www.terveilm.ee\/leht\/wp-json\/wp\/v2\/posts\/14717\/revisions\/14718"}],"wp:featuredmedia":[{"embeddable":true,"href":"https:\/\/www.terveilm.ee\/leht\/wp-json\/wp\/v2\/media\/12000"}],"wp:attachment":[{"href":"https:\/\/www.terveilm.ee\/leht\/wp-json\/wp\/v2\/media?parent=14717"}],"wp:term":[{"taxonomy":"category","embeddable":true,"href":"https:\/\/www.terveilm.ee\/leht\/wp-json\/wp\/v2\/categories?post=14717"},{"taxonomy":"post_tag","embeddable":true,"href":"https:\/\/www.terveilm.ee\/leht\/wp-json\/wp\/v2\/tags?post=14717"}],"curies":[{"name":"wp","href":"https:\/\/api.w.org\/{rel}","templated":true}]}}