{"id":14730,"date":"2023-04-13T10:33:59","date_gmt":"2023-04-13T07:33:59","guid":{"rendered":"https:\/\/www.terveilm.ee\/leht\/?p=14730"},"modified":"2023-04-17T10:34:58","modified_gmt":"2023-04-17T07:34:58","slug":"kuula-olgem-realistid-heitepohine-automaks-tuhjendaks-eelkoige-maainimeste-rahakotti","status":"publish","type":"post","link":"https:\/\/www.terveilm.ee\/leht\/blogi\/kuula-olgem-realistid-heitepohine-automaks-tuhjendaks-eelkoige-maainimeste-rahakotti\/","title":{"rendered":"KUULA | Olgem realistid, heitep\u00f5hine automaks t\u00fchjendaks eelk\u00f5ige maainimeste rahakotti"},"content":{"rendered":"\n<p>V\u00e4rskeimas \u201eRohep\u00f6\u00f6rane\u201c taskuh\u00e4\u00e4lingu episoodis anal\u00fc\u00fcsisid saatejuhid uue valitsuse keskkonna ja kliimaga seotud plaane. Kuula saatest, mis neid \u00fcllatas, mis pettumust valmistas.<\/p>\n\n\n\n<p>Napi n\u00e4dala ajaga, mil koalitsioonileping on avalik olnud, on palju k\u00f5neainet tekitanud tulevane automaks. \u201eRohep\u00f6\u00f6rane\u201c taskuh\u00e4\u00e4lingu saatejuht Madis Vasser t\u00f5i v\u00e4lja, et kui automaks kehtestataks auto maksumuse pealt, oleks skeem lihtne: kui inimesel on v\u00e4ga kallis auto, siis j\u00e4relikult on tal ka raha maksu maksta, sama kui inimese s\u00f5idab ringi v\u00e4ga odava autoga, siis loogiliselt v\u00f5ttes ei ole tal ka v\u00e4ga v\u00f5imalik automaksu maksta.<\/p>\n\n\n\n<p>Samas saatejuht Mart Valner juhtis t\u00e4helepanu asjaolule, et k\u00f5ige suurema heitega autod Eestis ei ole arvatavasti need, mida Tallinna kesklinnas v\u00f5ib kohata, vaid ikka maapiirkondade inimeste vanemad autod. \u201eOlgem realistid, k\u00f5ige suurema heitega masinad on maapiirkondades. Kui maks on puhtalt heite p\u00f5hjalt, on see suunatud k\u00f5ige tugevamalt nende inimestele, kelle jaoks 25 aastat vana diiselauto ongi see, millega nad 20 aastat on t\u00f6\u00f6l k\u00e4inud,\u201c r\u00e4\u00e4kis Valner ja lisas, et kas maksus peavad olema mingid erisused, on seet\u00f5ttu omaette k\u00fcsimus.<\/p>\n\n\n\n<p>Kuula saatest, mida arvasid saatejuhid ka valitsuse teistest plaanidest, n\u00e4iteks seoses metsanduse, p\u00f5levkivi, ringmajanduse ja uue kliimaministri ametipostiga.<\/p>\n\n\n\n<p><a href=\"https:\/\/roheportaal.delfi.ee\/artikkel\/120171902\/kuula-olgem-realistid-heitepohine-automaks-tuhjendaks-eelkoige-maainimeste-rahakotti\" target=\"_blank\" rel=\"noreferrer noopener\">Kuula saadet<\/a><\/p>\n","protected":false},"excerpt":{"rendered":"<p>V\u00e4rskeimas \u201eRohep\u00f6\u00f6rane\u201c taskuh\u00e4\u00e4lingu episoodis anal\u00fc\u00fcsisid saatejuhid uue valitsuse keskkonna ja kliimaga seotud plaane. Kuula saatest, mis neid \u00fcllatas, mis pettumust&#8230;<\/p>\n","protected":false},"author":26,"featured_media":0,"comment_status":"open","ping_status":"open","sticky":false,"template":"","format":"standard","meta":{"_acf_changed":false,"footnotes":""},"categories":[48],"tags":[60],"class_list":["post-14730","post","type-post","status-publish","format-standard","hentry","category-meediakajastused","tag-rohepoore"],"acf":[],"_links":{"self":[{"href":"https:\/\/www.terveilm.ee\/leht\/wp-json\/wp\/v2\/posts\/14730","targetHints":{"allow":["GET"]}}],"collection":[{"href":"https:\/\/www.terveilm.ee\/leht\/wp-json\/wp\/v2\/posts"}],"about":[{"href":"https:\/\/www.terveilm.ee\/leht\/wp-json\/wp\/v2\/types\/post"}],"author":[{"embeddable":true,"href":"https:\/\/www.terveilm.ee\/leht\/wp-json\/wp\/v2\/users\/26"}],"replies":[{"embeddable":true,"href":"https:\/\/www.terveilm.ee\/leht\/wp-json\/wp\/v2\/comments?post=14730"}],"version-history":[{"count":1,"href":"https:\/\/www.terveilm.ee\/leht\/wp-json\/wp\/v2\/posts\/14730\/revisions"}],"predecessor-version":[{"id":14731,"href":"https:\/\/www.terveilm.ee\/leht\/wp-json\/wp\/v2\/posts\/14730\/revisions\/14731"}],"wp:attachment":[{"href":"https:\/\/www.terveilm.ee\/leht\/wp-json\/wp\/v2\/media?parent=14730"}],"wp:term":[{"taxonomy":"category","embeddable":true,"href":"https:\/\/www.terveilm.ee\/leht\/wp-json\/wp\/v2\/categories?post=14730"},{"taxonomy":"post_tag","embeddable":true,"href":"https:\/\/www.terveilm.ee\/leht\/wp-json\/wp\/v2\/tags?post=14730"}],"curies":[{"name":"wp","href":"https:\/\/api.w.org\/{rel}","templated":true}]}}