{"id":14750,"date":"2023-05-06T14:09:24","date_gmt":"2023-05-06T11:09:24","guid":{"rendered":"https:\/\/www.terveilm.ee\/leht\/?p=14750"},"modified":"2023-05-08T14:10:18","modified_gmt":"2023-05-08T11:10:18","slug":"autotu-riigikogulane-motleb-oma-parkimiskohast-rattaparkla-teha","status":"publish","type":"post","link":"https:\/\/www.terveilm.ee\/leht\/blogi\/autotu-riigikogulane-motleb-oma-parkimiskohast-rattaparkla-teha\/","title":{"rendered":"Autotu riigikogulane m\u00f5tleb oma parkimiskohast rattaparkla teha"},"content":{"rendered":"\n<p>Viimases taskuh\u00e4\u00e4lingu \u201eRohep\u00f6\u00f6rane\u201c episoodis arutasid saatejuhid\u00a0<a rel=\"noreferrer noopener\" href=\"https:\/\/www.delfi.ee\/teema\/22985097\" target=\"_blank\">Riigikogu<\/a>\u00a0liikme\u00a0<a rel=\"noreferrer noopener\" href=\"https:\/\/www.delfi.ee\/teema\/96853474\" target=\"_blank\">Hanah Lahega<\/a>, kuidas Riigikogus rohen\u00fcgimisega tegeleda.<\/p>\n\n\n\n<p>Taskuh\u00e4\u00e4lingu \u201eRohep\u00f6\u00f6rane\u201c saatejuhid&nbsp;<a href=\"https:\/\/www.delfi.ee\/teema\/96853472\" rel=\"noreferrer noopener\" target=\"_blank\">Mart Valner<\/a>&nbsp;ja&nbsp;<a href=\"https:\/\/www.delfi.ee\/teema\/96853470\" rel=\"noreferrer noopener\" target=\"_blank\">Madis Vasser<\/a>&nbsp;napsasid&nbsp;<a href=\"https:\/\/www.delfi.ee\/teema\/70052871\" rel=\"noreferrer noopener\" target=\"_blank\">rohepesu<\/a>-teemalisel konverentsil endaga jutustama Riigikogu noorima liikme Hanah Lahe (RE), kes on ametis olnud veidi v\u00e4hem kui kuu. Lahe r\u00e4\u00e4kis, kuidas ta \u00fcllatas parlamendit\u00f6\u00f6tajaid t\u00f5siasjaga, et tal pole autot, ning kuidas ta roheteemade eest hea seisab.<\/p>\n\n\n\n<p>\u201eMa kindlasti olen meil erakonnas ja n\u00fc\u00fcd ka Riigikogus suur n\u00fcgija,\u201c r\u00e4\u00e4kis Lahe. \u201eV\u00e4ga radikaalselt l\u00e4henedes ei j\u00f5ua inimesteni, aga kui me iga p\u00e4ev m\u00f5tleme, mida saaks natuke paremini teha, iga p\u00e4ev natuke n\u00fcgime, siis l\u00f5puks on sellel suur m\u00f5ju.\u201c<\/p>\n\n\n\n<p><a href=\"https:\/\/roheportaal.delfi.ee\/artikkel\/120183678\/autotu-riigikogulane-motleb-oma-parkimiskohast-rattaparkla-teha\" data-type=\"URL\" data-id=\"https:\/\/roheportaal.delfi.ee\/artikkel\/120183678\/autotu-riigikogulane-motleb-oma-parkimiskohast-rattaparkla-teha\">Kuula saatest, mida teeb Lahe oma k\u00fctusekaardiga ning kuidas saatejuht Mart Valner kahtlaste pakikeste t\u00f5ttu peaaegu Pariisi COPile protestima ei j\u00f5udnud.<\/a><\/p>\n\n\n\n<p><a href=\"https:\/\/roheportaal.delfi.ee\/autor\/61f2687c-354a-9cd0-7418-cb0ac577f487\/kristin-kontro\"><em><\/em><\/a><\/p>\n","protected":false},"excerpt":{"rendered":"<p>Viimases taskuh\u00e4\u00e4lingu \u201eRohep\u00f6\u00f6rane\u201c episoodis arutasid saatejuhid\u00a0Riigikogu\u00a0liikme\u00a0Hanah Lahega, kuidas Riigikogus rohen\u00fcgimisega tegeleda. Taskuh\u00e4\u00e4lingu \u201eRohep\u00f6\u00f6rane\u201c saatejuhid&nbsp;Mart Valner&nbsp;ja&nbsp;Madis Vasser&nbsp;napsasid&nbsp;rohepesu-teemalisel konverentsil endaga jutustama Riigikogu&#8230;<\/p>\n","protected":false},"author":26,"featured_media":0,"comment_status":"open","ping_status":"open","sticky":false,"template":"","format":"standard","meta":{"_acf_changed":false,"footnotes":""},"categories":[48],"tags":[60],"class_list":["post-14750","post","type-post","status-publish","format-standard","hentry","category-meediakajastused","tag-rohepoore"],"acf":[],"_links":{"self":[{"href":"https:\/\/www.terveilm.ee\/leht\/wp-json\/wp\/v2\/posts\/14750","targetHints":{"allow":["GET"]}}],"collection":[{"href":"https:\/\/www.terveilm.ee\/leht\/wp-json\/wp\/v2\/posts"}],"about":[{"href":"https:\/\/www.terveilm.ee\/leht\/wp-json\/wp\/v2\/types\/post"}],"author":[{"embeddable":true,"href":"https:\/\/www.terveilm.ee\/leht\/wp-json\/wp\/v2\/users\/26"}],"replies":[{"embeddable":true,"href":"https:\/\/www.terveilm.ee\/leht\/wp-json\/wp\/v2\/comments?post=14750"}],"version-history":[{"count":2,"href":"https:\/\/www.terveilm.ee\/leht\/wp-json\/wp\/v2\/posts\/14750\/revisions"}],"predecessor-version":[{"id":14753,"href":"https:\/\/www.terveilm.ee\/leht\/wp-json\/wp\/v2\/posts\/14750\/revisions\/14753"}],"wp:attachment":[{"href":"https:\/\/www.terveilm.ee\/leht\/wp-json\/wp\/v2\/media?parent=14750"}],"wp:term":[{"taxonomy":"category","embeddable":true,"href":"https:\/\/www.terveilm.ee\/leht\/wp-json\/wp\/v2\/categories?post=14750"},{"taxonomy":"post_tag","embeddable":true,"href":"https:\/\/www.terveilm.ee\/leht\/wp-json\/wp\/v2\/tags?post=14750"}],"curies":[{"name":"wp","href":"https:\/\/api.w.org\/{rel}","templated":true}]}}