{"id":14847,"date":"2023-07-05T23:03:41","date_gmt":"2023-07-05T20:03:41","guid":{"rendered":"https:\/\/www.terveilm.ee\/leht\/?p=14847"},"modified":"2023-07-10T23:05:38","modified_gmt":"2023-07-10T20:05:38","slug":"miks-meile-soomeugrilased","status":"publish","type":"post","link":"https:\/\/www.terveilm.ee\/leht\/blogi\/miks-meile-soomeugrilased\/","title":{"rendered":"Miks meile on olulised me vennasrahvad?"},"content":{"rendered":"\n<p>Soome-ugri rahvastega tehtava koost\u00f6\u00f6 eest hoolitseab peamiselt <a href=\"https:\/\/www.facebook.com\/fennougria?__cft__[0]=AZVqCAueAXT1on0Vdbj1AZZ4QDe3KlxeqFjnBO-Gdb83kHD-JPD5apTtkRSjn0_sJXP74T0wZq9mRfKbQek6xQAz0EvQ4dU5xc41dKUgTEIrrEHp7iyCVz2f6hFzS1LeFWv5dMGV7XBqLVA2_6d0Hym4I_tbb95fxdNPz9UxdJrLWUmQSLFn0yOZyD69nTWjpks&amp;__tn__=-]K-R\">Fenno-Ugria<\/a>. See koost\u00f6\u00f6 on meile t\u00e4htis oma rahvusliku identiteedi hoidmise ja arendamise p\u00e4rast. Keele- ja kultuurijuurtest ammutame me j\u00f5udu iseolemiseks, ka paiguti liiga tugevatele v\u00f5\u00f5rm\u00f5judele vastu seismiseks. V\u00e4ikeste rahvaste ja keelte olemasolu ja tulevik ei ole iseenesest m\u00f5istetav, meie peame teadma ja tunnetama, kes me oleme, kust me tuleme ja kuhu l\u00e4heme. See on ka meie kultuuri- ja keeleruumi kaitsmise k\u00fcsimus, oleme \u00f5rnad rahvad. Liivlasi ja vadjalasi on alla saja, keelt oskajaid veel v\u00e4hem. Isureid, mansisid, eenetseid on m\u00f5ned sajad. P\u00fc\u00fcame, riiki omava rahvana anda ka neile arvulistele v\u00e4ikerahvastele h\u00e4\u00e4lt ja tegelikult hoolitseme ka iseenda eest. T\u00e4nap\u00e4evases maailmas k\u00e4ib v\u00f5itlus ka identiteetide p\u00e4rast, kui identiteet on n\u00f5rk siis muutub keel t\u00e4htsusetuks. Kui keel on t\u00e4htsusetu, mis t\u00e4htsus v\u00f5ib olla riigil?<\/p>\n\n\n\n<p>Valmimas on kaheksaosaline saatesari soome-ugri rahvastest Soomes, Norras ja Liivimaal. Filmiprojekt aitab paremini tutvustada soome-ugri maailma, mida tegelikult v\u00e4ga h\u00e4sti ei teata. Nii saavad eestlased paremini tuttavaks saamide, kveenide ja me\u00e4lastega. Filmid n\u00e4itavad kui soome-ugriline on Skandinaavia p\u00f5hjaosa ja ka seda, et seal saab eesti keeles hakkama.<\/p>\n\n\n\n<p>Pildil kohtub Jaak Prozes &#8220;kveenide kuninga&#8221; Bj\u00f6rnar Seppolaga. Taustal 1400 meetrine Adiekka tipp.<\/p>\n","protected":false},"excerpt":{"rendered":"<p>Soome-ugri rahvastega tehtava koost\u00f6\u00f6 eest hoolitseab peamiselt Fenno-Ugria. See koost\u00f6\u00f6 on meile t\u00e4htis oma rahvusliku identiteedi hoidmise ja arendamise p\u00e4rast&#8230;.<\/p>\n","protected":false},"author":26,"featured_media":14853,"comment_status":"open","ping_status":"open","sticky":false,"template":"","format":"standard","meta":{"_acf_changed":false,"footnotes":""},"categories":[72],"tags":[31],"class_list":["post-14847","post","type-post","status-publish","format-standard","has-post-thumbnail","hentry","category-edulood","tag-aku"],"acf":[],"_links":{"self":[{"href":"https:\/\/www.terveilm.ee\/leht\/wp-json\/wp\/v2\/posts\/14847","targetHints":{"allow":["GET"]}}],"collection":[{"href":"https:\/\/www.terveilm.ee\/leht\/wp-json\/wp\/v2\/posts"}],"about":[{"href":"https:\/\/www.terveilm.ee\/leht\/wp-json\/wp\/v2\/types\/post"}],"author":[{"embeddable":true,"href":"https:\/\/www.terveilm.ee\/leht\/wp-json\/wp\/v2\/users\/26"}],"replies":[{"embeddable":true,"href":"https:\/\/www.terveilm.ee\/leht\/wp-json\/wp\/v2\/comments?post=14847"}],"version-history":[{"count":2,"href":"https:\/\/www.terveilm.ee\/leht\/wp-json\/wp\/v2\/posts\/14847\/revisions"}],"predecessor-version":[{"id":14863,"href":"https:\/\/www.terveilm.ee\/leht\/wp-json\/wp\/v2\/posts\/14847\/revisions\/14863"}],"wp:featuredmedia":[{"embeddable":true,"href":"https:\/\/www.terveilm.ee\/leht\/wp-json\/wp\/v2\/media\/14853"}],"wp:attachment":[{"href":"https:\/\/www.terveilm.ee\/leht\/wp-json\/wp\/v2\/media?parent=14847"}],"wp:term":[{"taxonomy":"category","embeddable":true,"href":"https:\/\/www.terveilm.ee\/leht\/wp-json\/wp\/v2\/categories?post=14847"},{"taxonomy":"post_tag","embeddable":true,"href":"https:\/\/www.terveilm.ee\/leht\/wp-json\/wp\/v2\/tags?post=14847"}],"curies":[{"name":"wp","href":"https:\/\/api.w.org\/{rel}","templated":true}]}}