{"id":15093,"date":"2023-12-07T13:26:28","date_gmt":"2023-12-07T11:26:28","guid":{"rendered":"https:\/\/www.terveilm.ee\/leht\/?p=15093"},"modified":"2023-12-07T13:26:28","modified_gmt":"2023-12-07T11:26:28","slug":"elf-otsib-noore-looduskaitsja-auhinna-kandidaate-2","status":"publish","type":"post","link":"https:\/\/www.terveilm.ee\/leht\/blogi\/elf-otsib-noore-looduskaitsja-auhinna-kandidaate-2\/","title":{"rendered":"ELF otsib noore looduskaitsja auhinna kandidaate"},"content":{"rendered":"\n<p>Eestimaa Looduse Fond (ELF) kutsub esitama kandidaate 2023. aasta noore looduskaitsja auhinnale, millega kaasneb 1000 euro suurune stipendium ja rinnam\u00e4rk.<br><\/p>\n\n\n\n<p>Auhinnale on oodatud kandideerima looduskaitsjad, kel on v\u00e4ljapaistvaid saavutusi Eestimaa looduse kaitsel ning kes on passi v\u00f5i enesetunde j\u00e4rgi nooremad kui 35 aastat. Kandidaadid v\u00f5ivad \u00f5ppida v\u00f5i t\u00f6\u00f6tada nii avalikus, era- kui ka mittetulundussektoris, samuti tegutseda vabatahtlikuna. \u00dcles v\u00f5ib seada nii enda kui ka kellegi teise kandidatuuri.<\/p>\n\n\n\n<p>Kandideerimisavaldusi saab esitada 17. jaanuarini 2024&nbsp;<a href=\"https:\/\/forms.gle\/7ih4QQNNubpTCxLX7\" target=\"_blank\" rel=\"noreferrer noopener\">SIIN!<\/a><\/p>\n\n\n\n<p>Noore looduskaitsja auhinda antakse v\u00e4lja alates 2005. aastast eesm\u00e4rgiga toetada eluj\u00f5ulise ja aatelise looduskaitse p\u00fcsimist Eestis l\u00e4bi p\u00f5lvkondade. Auhinna p\u00e4lvija otsustab ELFi kokku kutsutud \u017e\u00fcrii. Stipendiumi on t\u00e4navu v\u00e4lja pannud NaTourEst, Naturum, Loodustaju, Eesti Loodusturismi \u00dching ja Eestimaa Looduse Fond. Rinnam\u00e4rgi on disaininud Kertu Tuberg.<\/p>\n\n\n\n<p>Varasematel aastatel on auhinna p\u00e4lvinud Indrek Sell, Polina Degtjarenko, Ott Luuk, Madis Leivits, Lennart Lennuk, Virve S\u00f5ber, Annely Esko, Riho Kinks, Aveliina Helm, Renno Nellis, Indrek Tammek\u00e4nd, Ulvar K\u00e4\u00e4rt, Murel Truu, Tarvo Valker, Marek Sammul, Peep Mardiste ning Asko L\u00f5hmus.<\/p>\n\n\n\n<p>T\u00e4navune auhinna laureaat kuulutatakse v\u00e4lja 2024. aastal 1.- 2. veebruaril toimuval konverentsil &#8220;Meri ja soo&#8221; Tallinnas.<br><\/p>\n\n\n\n<p><strong>Rohkem infot:<\/strong><\/p>\n\n\n\n<p><a href=\"https:\/\/elfond.ee\/tegevus\/noore-looduskaitsja-auhinna-konkurss\">https:\/\/elfond.ee\/tegevus\/noore-looduskaitsja-auhinna-konkurss<\/a><\/p>\n","protected":false},"excerpt":{"rendered":"<p>Eestimaa Looduse Fond (ELF) kutsub esitama kandidaate 2023. aasta noore looduskaitsja auhinnale, millega kaasneb 1000 euro suurune stipendium ja rinnam\u00e4rk&#8230;.<\/p>\n","protected":false},"author":26,"featured_media":0,"comment_status":"open","ping_status":"open","sticky":false,"template":"","format":"standard","meta":{"_acf_changed":false,"footnotes":""},"categories":[7],"tags":[26],"class_list":["post-15093","post","type-post","status-publish","format-standard","hentry","category-uudised","tag-loodushoid"],"acf":[],"_links":{"self":[{"href":"https:\/\/www.terveilm.ee\/leht\/wp-json\/wp\/v2\/posts\/15093","targetHints":{"allow":["GET"]}}],"collection":[{"href":"https:\/\/www.terveilm.ee\/leht\/wp-json\/wp\/v2\/posts"}],"about":[{"href":"https:\/\/www.terveilm.ee\/leht\/wp-json\/wp\/v2\/types\/post"}],"author":[{"embeddable":true,"href":"https:\/\/www.terveilm.ee\/leht\/wp-json\/wp\/v2\/users\/26"}],"replies":[{"embeddable":true,"href":"https:\/\/www.terveilm.ee\/leht\/wp-json\/wp\/v2\/comments?post=15093"}],"version-history":[{"count":1,"href":"https:\/\/www.terveilm.ee\/leht\/wp-json\/wp\/v2\/posts\/15093\/revisions"}],"predecessor-version":[{"id":15094,"href":"https:\/\/www.terveilm.ee\/leht\/wp-json\/wp\/v2\/posts\/15093\/revisions\/15094"}],"wp:attachment":[{"href":"https:\/\/www.terveilm.ee\/leht\/wp-json\/wp\/v2\/media?parent=15093"}],"wp:term":[{"taxonomy":"category","embeddable":true,"href":"https:\/\/www.terveilm.ee\/leht\/wp-json\/wp\/v2\/categories?post=15093"},{"taxonomy":"post_tag","embeddable":true,"href":"https:\/\/www.terveilm.ee\/leht\/wp-json\/wp\/v2\/tags?post=15093"}],"curies":[{"name":"wp","href":"https:\/\/api.w.org\/{rel}","templated":true}]}}