{"id":15146,"date":"2023-12-21T10:53:05","date_gmt":"2023-12-21T08:53:05","guid":{"rendered":"https:\/\/www.terveilm.ee\/leht\/?p=15146"},"modified":"2023-12-21T10:53:40","modified_gmt":"2023-12-21T08:53:40","slug":"kestliku-arengu-pasuna-auhinna-sai-joanna-laast","status":"publish","type":"post","link":"https:\/\/www.terveilm.ee\/leht\/blogi\/kestliku-arengu-pasuna-auhinna-sai-joanna-laast\/","title":{"rendered":"Kestliku arengu pasuna auhinna sai Joanna Laast"},"content":{"rendered":"\n<p>Mondo ja Arengukoost\u00f6\u00f6 \u00dcmarlaud tunnustasid Roheportaali toimetaja Joanna Laasti 2023. aastal kestliku arengu teemade kajastamise eest auhinnaga &#8220;Kestliku arengu pasun&#8221;. Auhind koosneb 1500 eurost ja praktilisest meenest \u2013 aiak\u00fchvlist.<\/p>\n\n\n\n<p>\u201eOlen tohutult t\u00e4nulik Arengukoost\u00f6\u00f6 \u00dcmarlauale ja Mondole selle tunnustuse eest. Lisaks suurele r\u00f5\u00f5mutundele t\u00f5i auhind endaga kaasa ka motivatsioonilaine, kuna kinnitas mulle, et isegi kui artiklid kestlikust arengust ja kliimamuutustest ei ole alati niiv\u00f5rd populaarsed kui n\u00e4iteks poliitika- v\u00f5i majandusuudised, on need t\u00e4pselt sama olulised. Suur-suur ait\u00e4h teile!&#8221; s\u00f5nas Joanna Laast.<\/p>\n\n\n\n<p>Auhind on Joanna Laastile tunnustuseks kestliku arengu teemade, eriti keskkonna ning kliimamuutuste mitmek\u00fclgse ja laiap\u00f5hjalise kajastamise eest. \u201cJoanna Laast on aastaid juhtinud Eesti P\u00e4evalehe ja Delfi toimetuse keskkonnateemade kajastamist, j\u00e4rgides selge ajakirjanduse p\u00f5him\u00f5tteid ning andes s\u00f5na neile, kelle h\u00e4\u00e4l tavaliselt k\u00f5ige valjemini ei k\u00f5la. Joanna lood kaevuvad pinnapealsusest s\u00fcgavamale, nii et \u00fckski n\u00fcanss keskkonnateemadest ei j\u00e4\u00e4 kajastamata \u2013 selle v\u00e4\u00e4rtusliku t\u00f6\u00f6 j\u00e4tkamiseks on auhinnaga kaasas s\u00fcmboolne aiak\u00fchvel\u201d, avas Mondo juhatuse liige Maria Sakarias.<\/p>\n\n\n\n<p>Joanna Laast v\u00f5tab ette teemasid, mis on \u00fchtviisi olulised nii Eesti \u00fchiskonnas kui globaalsel tasandil ning m\u00f5jutavad t\u00e4naseid ja tulevasi p\u00f5lvkondi. Seda nii Roheportaali \u00fcldist kajastust suunates kui autorilugusid luues.<\/p>\n\n\n\n<p>Arengukoost\u00f6\u00f6 \u00dcmaralaua tegevjuht Agne Kuimet s\u00f5nas, et Joanna Laasti nimi on k\u00e4inud l\u00e4bi mitmel keskkonnateemalisel kohtumisel. \u201cMitmed Arengukoost\u00f6\u00f6 \u00dcmarlaua kliima- ja keskkonnateemadega tegelevad organisatsioonid on kohtumistel v\u00e4lja toonud Joanna t\u00f6\u00f6d kui silmapaistvat keskkonnaajakirjanduse n\u00e4idet Eesti meediamaastikul. Globaalsete kliimaprobleemide kohaliku m\u00f5ju n\u00e4itamine ning nendega tegelema utsitamine on \u00fcks olulistest sammudest kestlikuma tuleviku poole\u201d.<\/p>\n\n\n\n<p>\u201cKestliku arengu pasun\u201d on auhind, millega tunnustatakse ajakirjanikku v\u00f5i toimetust kestliku arengu teemade kajastamise eest m\u00f6\u00f6dunud aasta jooksul. Auhinda annavad v\u00e4lja Arengukoost\u00f6\u00f6 \u00dcmarlaud ja Mondo. Auhinda antakse v\u00e4lja neljandat korda. 2020. aastal p\u00e4lvis auhinna telesaade Laser ja Marii Karell, 2021. aastal v\u00e4ljaanne Levila ning 2022. aastal v\u00e4ljaanne M\u00fc\u00fcrileht. S\u00fcmboolseks meeneks on olnud labidas, hark ja kellu.&nbsp;<\/p>\n\n\n\n<p><em>Arengukoost\u00f6\u00f6 \u00dcmarlaud esindab Eesti vaba\u00fchendusi, kes tegelevad arengukoost\u00f6\u00f6, maailmahariduse ja kestliku arengu teemadega.\u00a0Mondo on 2007. aastal asutatud globaalse ebav\u00f5rdsuse v\u00e4hendamisele p\u00fchendunud Eesti organisatsioon.\u00a0<\/em><\/p>\n\n\n\n<p>Foto: Delfi Meedia\/Rauno Volmar<\/p>\n","protected":false},"excerpt":{"rendered":"<p>Mondo ja Arengukoost\u00f6\u00f6 \u00dcmarlaud tunnustasid Roheportaali toimetaja Joanna Laasti 2023. aastal kestliku arengu teemade kajastamise eest auhinnaga &#8220;Kestliku arengu pasun&#8221;&#8230;.<\/p>\n","protected":false},"author":26,"featured_media":15147,"comment_status":"open","ping_status":"open","sticky":false,"template":"","format":"standard","meta":{"_acf_changed":false,"footnotes":""},"categories":[3,7],"tags":[35,25],"class_list":["post-15146","post","type-post","status-publish","format-standard","has-post-thumbnail","hentry","category-blogi","category-uudised","tag-arengukoostoo","tag-kliimamuutused"],"acf":[],"_links":{"self":[{"href":"https:\/\/www.terveilm.ee\/leht\/wp-json\/wp\/v2\/posts\/15146","targetHints":{"allow":["GET"]}}],"collection":[{"href":"https:\/\/www.terveilm.ee\/leht\/wp-json\/wp\/v2\/posts"}],"about":[{"href":"https:\/\/www.terveilm.ee\/leht\/wp-json\/wp\/v2\/types\/post"}],"author":[{"embeddable":true,"href":"https:\/\/www.terveilm.ee\/leht\/wp-json\/wp\/v2\/users\/26"}],"replies":[{"embeddable":true,"href":"https:\/\/www.terveilm.ee\/leht\/wp-json\/wp\/v2\/comments?post=15146"}],"version-history":[{"count":2,"href":"https:\/\/www.terveilm.ee\/leht\/wp-json\/wp\/v2\/posts\/15146\/revisions"}],"predecessor-version":[{"id":15151,"href":"https:\/\/www.terveilm.ee\/leht\/wp-json\/wp\/v2\/posts\/15146\/revisions\/15151"}],"wp:featuredmedia":[{"embeddable":true,"href":"https:\/\/www.terveilm.ee\/leht\/wp-json\/wp\/v2\/media\/15147"}],"wp:attachment":[{"href":"https:\/\/www.terveilm.ee\/leht\/wp-json\/wp\/v2\/media?parent=15146"}],"wp:term":[{"taxonomy":"category","embeddable":true,"href":"https:\/\/www.terveilm.ee\/leht\/wp-json\/wp\/v2\/categories?post=15146"},{"taxonomy":"post_tag","embeddable":true,"href":"https:\/\/www.terveilm.ee\/leht\/wp-json\/wp\/v2\/tags?post=15146"}],"curies":[{"name":"wp","href":"https:\/\/api.w.org\/{rel}","templated":true}]}}