{"id":15203,"date":"2024-02-10T15:10:19","date_gmt":"2024-02-10T13:10:19","guid":{"rendered":"https:\/\/www.terveilm.ee\/leht\/?p=15203"},"modified":"2024-02-15T15:11:17","modified_gmt":"2024-02-15T13:11:17","slug":"kuula-tiit-maran-rohepoorde-plaane-tehes-on-korvale-jaetud-inimene","status":"publish","type":"post","link":"https:\/\/www.terveilm.ee\/leht\/blogi\/kuula-tiit-maran-rohepoorde-plaane-tehes-on-korvale-jaetud-inimene\/","title":{"rendered":"KUULA | Tiit Maran: rohep\u00f6\u00f6rde plaane tehes on k\u00f5rvale j\u00e4etud inimene"},"content":{"rendered":"\n<p>Taskuh\u00e4\u00e4lingu \u201eRohep\u00f6\u00f6rane\u201c saatek\u00fclaline seletas, miks on niiv\u00f5rd oluline, et inimesed m\u00f5istaks oma s\u00f5ltuvust keskkonnast.<\/p>\n\n\n\n<p>Viimases \u201eRohep\u00f6\u00f6rase\u201c episoodis oli k\u00fclas riigikogulane ja loodusteadlane&nbsp;<a rel=\"noreferrer noopener\" target=\"_blank\" href=\"https:\/\/www.delfi.ee\/teema\/65817822\">Tiit Maran<\/a>, kellega saatejuhid&nbsp;<a rel=\"noreferrer noopener\" target=\"_blank\" href=\"https:\/\/www.delfi.ee\/teema\/96853472\">Mart Valner<\/a>&nbsp;ja&nbsp;<a rel=\"noreferrer noopener\" target=\"_blank\" href=\"https:\/\/www.delfi.ee\/teema\/96853470\">Madis Vasser<\/a>&nbsp;muljetasid uuest metsadebatti lahkavast dokumentaalfilmist \u201eVara k\u00fcps\u201c ning arutasid vastuolu metsat\u00f6\u00f6stuse ja looduskaitse vahel. Vastuse said ka k\u00fcsimused, millised on rohep\u00f6\u00f6rde kitsaskohad ja meie hariduss\u00fcsteemi puudused ning miks sobivad Eestisse biogaasil s\u00f5itvad bussid.<\/p>\n\n\n\n<p><em>Madis Vasser tegeleb energeetikateemadega keskkonna\u00fchenduses Eesti Roheline Liikumine ning Mart Valner tegutseb keskkonna- ja kliimavaldkonna huvikaitseeksperdina Arengukoost\u00f6\u00f6 \u00dcmarlauas.<\/em><\/p>\n\n\n\n<p><a href=\"https:\/\/roheportaal.delfi.ee\/artikkel\/120269197\/kuula-tiit-maran-rohepoorde-plaane-tehes-on-korvale-jaetud-inimene\" target=\"_blank\" rel=\"noreferrer noopener\">Kuula saadet<\/a><\/p>\n","protected":false},"excerpt":{"rendered":"<p>Taskuh\u00e4\u00e4lingu \u201eRohep\u00f6\u00f6rane\u201c saatek\u00fclaline seletas, miks on niiv\u00f5rd oluline, et inimesed m\u00f5istaks oma s\u00f5ltuvust keskkonnast. Viimases \u201eRohep\u00f6\u00f6rase\u201c episoodis oli k\u00fclas riigikogulane&#8230;<\/p>\n","protected":false},"author":26,"featured_media":0,"comment_status":"open","ping_status":"open","sticky":false,"template":"","format":"standard","meta":{"_acf_changed":false,"footnotes":""},"categories":[48],"tags":[60],"class_list":["post-15203","post","type-post","status-publish","format-standard","hentry","category-meediakajastused","tag-rohepoore"],"acf":[],"_links":{"self":[{"href":"https:\/\/www.terveilm.ee\/leht\/wp-json\/wp\/v2\/posts\/15203","targetHints":{"allow":["GET"]}}],"collection":[{"href":"https:\/\/www.terveilm.ee\/leht\/wp-json\/wp\/v2\/posts"}],"about":[{"href":"https:\/\/www.terveilm.ee\/leht\/wp-json\/wp\/v2\/types\/post"}],"author":[{"embeddable":true,"href":"https:\/\/www.terveilm.ee\/leht\/wp-json\/wp\/v2\/users\/26"}],"replies":[{"embeddable":true,"href":"https:\/\/www.terveilm.ee\/leht\/wp-json\/wp\/v2\/comments?post=15203"}],"version-history":[{"count":1,"href":"https:\/\/www.terveilm.ee\/leht\/wp-json\/wp\/v2\/posts\/15203\/revisions"}],"predecessor-version":[{"id":15205,"href":"https:\/\/www.terveilm.ee\/leht\/wp-json\/wp\/v2\/posts\/15203\/revisions\/15205"}],"wp:attachment":[{"href":"https:\/\/www.terveilm.ee\/leht\/wp-json\/wp\/v2\/media?parent=15203"}],"wp:term":[{"taxonomy":"category","embeddable":true,"href":"https:\/\/www.terveilm.ee\/leht\/wp-json\/wp\/v2\/categories?post=15203"},{"taxonomy":"post_tag","embeddable":true,"href":"https:\/\/www.terveilm.ee\/leht\/wp-json\/wp\/v2\/tags?post=15203"}],"curies":[{"name":"wp","href":"https:\/\/api.w.org\/{rel}","templated":true}]}}