{"id":15225,"date":"2024-03-23T22:46:08","date_gmt":"2024-03-23T20:46:08","guid":{"rendered":"https:\/\/www.terveilm.ee\/leht\/?p=15225"},"modified":"2024-03-26T22:47:22","modified_gmt":"2024-03-26T20:47:22","slug":"kuula-teadlane-eestis-on-oodata-ekstreemsemaid-sademeid-ja-kuumalained-aga-me-ei-ole-nendeks-valmis","status":"publish","type":"post","link":"https:\/\/www.terveilm.ee\/leht\/blogi\/kuula-teadlane-eestis-on-oodata-ekstreemsemaid-sademeid-ja-kuumalained-aga-me-ei-ole-nendeks-valmis\/","title":{"rendered":"KUULA | Teadlane: Eestis on oodata ekstreemsemaid sademeid ja kuumalained, aga me ei ole nendeks valmis"},"content":{"rendered":"\n<p><a href=\"https:\/\/roheportaal.delfi.ee\/artikkel\/120279335\/kuula-teadlane-eestis-on-oodata-ekstreemsemaid-sademeid-ja-kuumalained-aga-me-ei-ole-nendeks-valmis\" target=\"_blank\" rel=\"noreferrer noopener\">Taskuh\u00e4\u00e4lingu \u201eRohep\u00f6\u00f6rane\u201c<\/a> viimases episoodis oli k\u00fclas kliimateadlane Velle Toll, kelle hinnangul ei p\u00f6\u00f6rata Eestis kliimamuutustega kohanemisele piisavalt t\u00e4helepanu.<\/p>\n\n\n\n<p>M\u00f6\u00f6dunud n\u00e4dalal avaldatud Euroopa Keskkonnaameti (EEA) aruande peamine j\u00e4reldus oli, et Euroopa ei ole valmis kiiresti s\u00fcvenevateks ohtudeks, mida&nbsp;<a rel=\"noreferrer noopener\" target=\"_blank\" href=\"https:\/\/www.delfi.ee\/teema\/96851252\">kliimakriis<\/a>&nbsp;kaasa toob, kirjutas&nbsp;<a rel=\"noreferrer noopener\" target=\"_blank\" href=\"https:\/\/roheportaal.delfi.ee\/artikkel\/120277106\/raport-euroopa-ei-ole-valmis-kiiresti-suvenevateks-ohtudeks-mida-kliimakriis-kaasa-toob\"><u>Eesti P\u00e4evaleht<\/u><\/a>. K\u00f5ige hiljutisemas \u201cRohep\u00f6\u00f6rane\u201d episoodis oli saatejuhtidel Madis Vasseril ja Mart Valneril k\u00fclas Tartu \u00dclikooli kliimateadlane Velle Toll, kes selgitas, miks on kliimasoojenemise m\u00f5judega kohanemine palju keerulisem, kui heitkoguste v\u00e4hendamine.<\/p>\n\n\n\n<p><em>Madis Vasser tegeleb energeetikateemadega keskkonna\u00fchenduses Eesti Roheline Liikumine ning Mart Valner tegutseb keskkonna- ja kliimavaldkonna huvikaitseeksperdina Arengukoost\u00f6\u00f6 \u00dcmarlauas.<\/em><\/p>\n","protected":false},"excerpt":{"rendered":"<p>Taskuh\u00e4\u00e4lingu \u201eRohep\u00f6\u00f6rane\u201c viimases episoodis oli k\u00fclas kliimateadlane Velle Toll, kelle hinnangul ei p\u00f6\u00f6rata Eestis kliimamuutustega kohanemisele piisavalt t\u00e4helepanu. M\u00f6\u00f6dunud n\u00e4dalal&#8230;<\/p>\n","protected":false},"author":26,"featured_media":0,"comment_status":"open","ping_status":"open","sticky":false,"template":"","format":"standard","meta":{"_acf_changed":false,"footnotes":""},"categories":[48],"tags":[60],"class_list":["post-15225","post","type-post","status-publish","format-standard","hentry","category-meediakajastused","tag-rohepoore"],"acf":[],"_links":{"self":[{"href":"https:\/\/www.terveilm.ee\/leht\/wp-json\/wp\/v2\/posts\/15225","targetHints":{"allow":["GET"]}}],"collection":[{"href":"https:\/\/www.terveilm.ee\/leht\/wp-json\/wp\/v2\/posts"}],"about":[{"href":"https:\/\/www.terveilm.ee\/leht\/wp-json\/wp\/v2\/types\/post"}],"author":[{"embeddable":true,"href":"https:\/\/www.terveilm.ee\/leht\/wp-json\/wp\/v2\/users\/26"}],"replies":[{"embeddable":true,"href":"https:\/\/www.terveilm.ee\/leht\/wp-json\/wp\/v2\/comments?post=15225"}],"version-history":[{"count":1,"href":"https:\/\/www.terveilm.ee\/leht\/wp-json\/wp\/v2\/posts\/15225\/revisions"}],"predecessor-version":[{"id":15226,"href":"https:\/\/www.terveilm.ee\/leht\/wp-json\/wp\/v2\/posts\/15225\/revisions\/15226"}],"wp:attachment":[{"href":"https:\/\/www.terveilm.ee\/leht\/wp-json\/wp\/v2\/media?parent=15225"}],"wp:term":[{"taxonomy":"category","embeddable":true,"href":"https:\/\/www.terveilm.ee\/leht\/wp-json\/wp\/v2\/categories?post=15225"},{"taxonomy":"post_tag","embeddable":true,"href":"https:\/\/www.terveilm.ee\/leht\/wp-json\/wp\/v2\/tags?post=15225"}],"curies":[{"name":"wp","href":"https:\/\/api.w.org\/{rel}","templated":true}]}}