{"id":15653,"date":"2025-07-25T09:44:56","date_gmt":"2025-07-25T06:44:56","guid":{"rendered":"https:\/\/www.terveilm.ee\/leht\/?p=15653"},"modified":"2025-07-25T09:48:05","modified_gmt":"2025-07-25T06:48:05","slug":"kuku-raadios-kolab-sel-aastal-saatesari-arenguvestlus","status":"publish","type":"post","link":"https:\/\/www.terveilm.ee\/leht\/blogi\/kuku-raadios-kolab-sel-aastal-saatesari-arenguvestlus\/","title":{"rendered":"Kuku raadios k\u00f5lab sel aastal saatesari &#8220;Arenguvestlus&#8221;"},"content":{"rendered":"\n<p>Arengukoost\u00f6\u00f6 \u00dcmarlaud on k\u00e4ivitanud uue raadiosaatesarja <strong>&#8220;Arenguvestlus&#8221;<\/strong>, mis k\u00f5lab kord kuus Kuku raadio eetris. Saated on osa projektist <em>&#8220;Avaliku teadlikkuse t\u00f5stmine arengukoost\u00f6\u00f6st ja humanitaarabist l\u00e4bi andmep\u00f5hise meediat\u00f6\u00f6 ning praktilise ajakirjanduskursuse.&#8221;<\/em><\/p>\n\n\n\n<p>Saatesarja eesm\u00e4rk on t\u00f5sta avalikkuse teadlikkust arengukoost\u00f6\u00f6, humanitaarabi, kestliku arengu, v\u00e4lispoliitika ja rahvusvaheliste suhete teemadel ning avada nende omavahelisi seoseid. Projekti kestel j\u00f5uab 2025. aasta l\u00f5puni kuulajateni <strong>kokku \u00fcheksa saadet<\/strong>, mis pakuvad j\u00e4rjepidevat ja sisukat maailmahariduslikku teavitust\u00f6\u00f6d. Saated aitavad paremini m\u00f5ista Eesti rolli rahvusvahelises koost\u00f6\u00f6s ning globaalseid v\u00e4ljakutseid.<\/p>\n\n\n\n<p>&#8220;Arenguvestlus&#8221; aitab tuua arengukoost\u00f6\u00f6 ja maailmahariduse teemad laiemasse meediapilti ning t\u00f5sta Eesti vaba\u00fchenduste n\u00e4htavust selles valdkonnas.<\/p>\n\n\n\n<p>Juba ilmunud Arenguvestluse saateid saab kuulata Kuku raadio veebis: <a class=\"\" href=\"https:\/\/kuku.pleier.ee\/podcast\/arenguvestlus\">kuku.pleier.ee\/podcast\/arenguvestlus<\/a><\/p>\n\n\n\n<p>Projekti ja saate tootmist rahastab Eesti Rahvusvahelise Arengukoost\u00f6\u00f6 Keskus (ESTDEV).<\/p>\n","protected":false},"excerpt":{"rendered":"<p>Arengukoost\u00f6\u00f6 \u00dcmarlaud on k\u00e4ivitanud uue raadiosaatesarja &#8220;Arenguvestlus&#8221;, mis k\u00f5lab kord kuus Kuku raadio eetris. Saated on osa projektist &#8220;Avaliku teadlikkuse&#8230;<\/p>\n","protected":false},"author":32,"featured_media":15654,"comment_status":"open","ping_status":"open","sticky":false,"template":"","format":"standard","meta":{"_acf_changed":false,"footnotes":""},"categories":[3,1],"tags":[35],"class_list":["post-15653","post","type-post","status-publish","format-standard","has-post-thumbnail","hentry","category-blogi","category-uncategorized-et","tag-arengukoostoo"],"acf":[],"_links":{"self":[{"href":"https:\/\/www.terveilm.ee\/leht\/wp-json\/wp\/v2\/posts\/15653","targetHints":{"allow":["GET"]}}],"collection":[{"href":"https:\/\/www.terveilm.ee\/leht\/wp-json\/wp\/v2\/posts"}],"about":[{"href":"https:\/\/www.terveilm.ee\/leht\/wp-json\/wp\/v2\/types\/post"}],"author":[{"embeddable":true,"href":"https:\/\/www.terveilm.ee\/leht\/wp-json\/wp\/v2\/users\/32"}],"replies":[{"embeddable":true,"href":"https:\/\/www.terveilm.ee\/leht\/wp-json\/wp\/v2\/comments?post=15653"}],"version-history":[{"count":2,"href":"https:\/\/www.terveilm.ee\/leht\/wp-json\/wp\/v2\/posts\/15653\/revisions"}],"predecessor-version":[{"id":15658,"href":"https:\/\/www.terveilm.ee\/leht\/wp-json\/wp\/v2\/posts\/15653\/revisions\/15658"}],"wp:featuredmedia":[{"embeddable":true,"href":"https:\/\/www.terveilm.ee\/leht\/wp-json\/wp\/v2\/media\/15654"}],"wp:attachment":[{"href":"https:\/\/www.terveilm.ee\/leht\/wp-json\/wp\/v2\/media?parent=15653"}],"wp:term":[{"taxonomy":"category","embeddable":true,"href":"https:\/\/www.terveilm.ee\/leht\/wp-json\/wp\/v2\/categories?post=15653"},{"taxonomy":"post_tag","embeddable":true,"href":"https:\/\/www.terveilm.ee\/leht\/wp-json\/wp\/v2\/tags?post=15653"}],"curies":[{"name":"wp","href":"https:\/\/api.w.org\/{rel}","templated":true}]}}