{"id":15671,"date":"2025-07-28T09:56:22","date_gmt":"2025-07-28T06:56:22","guid":{"rendered":"https:\/\/www.terveilm.ee\/leht\/?p=15671"},"modified":"2025-07-28T09:57:38","modified_gmt":"2025-07-28T06:57:38","slug":"uuring-veerand-eestlastest-on-oma-rahaga-toetanud-arengukoostoo-voi-humanitaarorganisatsiooni","status":"publish","type":"post","link":"https:\/\/www.terveilm.ee\/leht\/blogi\/uuring-veerand-eestlastest-on-oma-rahaga-toetanud-arengukoostoo-voi-humanitaarorganisatsiooni\/","title":{"rendered":"Uuring: Veerand eestlastest on oma rahaga toetanud arengukoost\u00f6\u00f6- v\u00f5i humanitaarorganisatsiooni"},"content":{"rendered":"\n<p>Arengukoost\u00f6\u00f6 \u00dcmarlaua tellitud ja Norstati poolt l\u00e4bi viidud k\u00fcsitlusuuringu tulemused n\u00e4itavad\u00a0 Eesti elanike teadmisi ja hoiakuid arengukoost\u00f6\u00f6 ja humanitaarabi suhtes. Viies j\u00e4rjestikune uuring toob esile, et Eesti elanike teadlikkus arengukoost\u00f6\u00f6 p\u00f5him\u00f5tetest ja suundadest on viimase kolme aastaga langenud \u2013 kui 2023. aastal pidas end teadlikuks 57%, siis 2025. aastaks on see n\u00e4itaja langenud 47% peale.<\/p>\n\n\n\n<p>\u201eKuigi arengukoost\u00f6\u00f6 on osa Eesti rahvusvahelise vastutuse kandmisest, n\u00e4itab uuring, et see vajab senisest m\u00e4rksa n\u00e4htavamat ja sihtr\u00fchmap\u00f5hisemat teavitust,\u201c kommenteeris tulemusi Arengukoost\u00f6\u00f6 \u00dcmarlaua juht Triin Roos.<\/p>\n\n\n\n<p>Peamised murekohad, mis uuringust v\u00e4lja tulevad on noorte v\u00e4hene teadlikkus &#8211; vanusegrupis 18\u201324 peab end arengukoost\u00f6\u00f6 teemadega kursis vaid 4% vastanutest ning selge vahe eesti- ja venekeelse elanikkonna vahel. Eestikeelsed vastajad on arengukoost\u00f6\u00f6 teemadest oluliselt teadlikumad.&nbsp;<\/p>\n\n\n\n<p>Eesti arengukoost\u00f6\u00f6 k\u00f5ige selgem prioriteet on endiselt Ukraina. Uuringust selgub, et ka Eesti elanikud jagavad seda arvamust ning eelk\u00f5ige vajadust pakkuda ka vaimset tuge s\u00f5jast r\u00e4situd elanikele &#8211;&nbsp; 24% vastanutest pidas k\u00f5ige olulisemaks suunata ressursse ps\u00fchholoogilise toe pakkumisele lastele ja s\u00f5jakuritegude ohvritele, mida peeti t\u00e4htsaimaks nii 2024. kui 2025. aastal. Seejuures on toetus sellele valdkonnale aasta jooksul isegi veidi kasvanud.<\/p>\n\n\n\n<p>Uuringus k\u00fcsiti esmakordselt ka seda, kas ja kuidas on Eesti elanikud isiklikult toetanud m\u00f5nda humanitaarkriisi v\u00f5i arengukoost\u00f6\u00f6ga tegelevat organisatsiooni v\u00f5i algatust. Selgus, et 23% vastanutest on seda teinud rahaliselt, 6% on panustanud oma ajaga ehk vabatahtlikuna ning veel 6% on kombineerinud m\u00f5lemad. Kokku on seega toetanud 35% elanikest, samas kui 65% pole seni rahalist v\u00f5i vabatahtlikku panust andnud. See n\u00e4itab, et kolmandik Eesti elanikest on valmis ise oma vahenditega rahvusvahelist solidaarsust toetama.<\/p>\n\n\n\n<p>Uuring viidi l\u00e4bi koost\u00f6\u00f6s uuringufirma Norstatiga 2025. aasta kevadel ning sellele vastas 1160 Eesti elanikku. Uuringut toetasid Eesti Rahvusvahelise Arengukoost\u00f6\u00f6 Keskus ESTDEV ja V\u00e4lisministeerium.<\/p>\n\n\n\n<p>Tutvu uuringuga siin &#8211; <a href=\"https:\/\/www.terveilm.ee\/leht\/blogi\/uuringu-raporteesti-elanike-teadmised-ja-hoiakud-eesti-arengukoostoo-suundade-kohta\/\">https:\/\/www.terveilm.ee\/leht\/blogi\/uuringu-raporteesti-elanike-teadmised-ja-hoiakud-eesti-arengukoostoo-suundade-kohta\/<\/a><\/p>\n","protected":false},"excerpt":{"rendered":"<p>Arengukoost\u00f6\u00f6 \u00dcmarlaua tellitud ja Norstati poolt l\u00e4bi viidud k\u00fcsitlusuuringu tulemused n\u00e4itavad\u00a0 Eesti elanike teadmisi ja hoiakuid arengukoost\u00f6\u00f6 ja humanitaarabi suhtes&#8230;.<\/p>\n","protected":false},"author":32,"featured_media":15527,"comment_status":"open","ping_status":"open","sticky":false,"template":"","format":"standard","meta":{"_acf_changed":false,"footnotes":""},"categories":[3,48],"tags":[],"class_list":["post-15671","post","type-post","status-publish","format-standard","has-post-thumbnail","hentry","category-blogi","category-meediakajastused"],"acf":[],"_links":{"self":[{"href":"https:\/\/www.terveilm.ee\/leht\/wp-json\/wp\/v2\/posts\/15671","targetHints":{"allow":["GET"]}}],"collection":[{"href":"https:\/\/www.terveilm.ee\/leht\/wp-json\/wp\/v2\/posts"}],"about":[{"href":"https:\/\/www.terveilm.ee\/leht\/wp-json\/wp\/v2\/types\/post"}],"author":[{"embeddable":true,"href":"https:\/\/www.terveilm.ee\/leht\/wp-json\/wp\/v2\/users\/32"}],"replies":[{"embeddable":true,"href":"https:\/\/www.terveilm.ee\/leht\/wp-json\/wp\/v2\/comments?post=15671"}],"version-history":[{"count":1,"href":"https:\/\/www.terveilm.ee\/leht\/wp-json\/wp\/v2\/posts\/15671\/revisions"}],"predecessor-version":[{"id":15678,"href":"https:\/\/www.terveilm.ee\/leht\/wp-json\/wp\/v2\/posts\/15671\/revisions\/15678"}],"wp:featuredmedia":[{"embeddable":true,"href":"https:\/\/www.terveilm.ee\/leht\/wp-json\/wp\/v2\/media\/15527"}],"wp:attachment":[{"href":"https:\/\/www.terveilm.ee\/leht\/wp-json\/wp\/v2\/media?parent=15671"}],"wp:term":[{"taxonomy":"category","embeddable":true,"href":"https:\/\/www.terveilm.ee\/leht\/wp-json\/wp\/v2\/categories?post=15671"},{"taxonomy":"post_tag","embeddable":true,"href":"https:\/\/www.terveilm.ee\/leht\/wp-json\/wp\/v2\/tags?post=15671"}],"curies":[{"name":"wp","href":"https:\/\/api.w.org\/{rel}","templated":true}]}}