{"id":15716,"date":"2025-12-02T14:14:39","date_gmt":"2025-12-02T12:14:39","guid":{"rendered":"https:\/\/www.terveilm.ee\/leht\/?p=15716"},"modified":"2025-12-02T14:14:39","modified_gmt":"2025-12-02T12:14:39","slug":"eesti-elanike-teadmised-ja-hoiakud-maailmahariduse-kohta","status":"publish","type":"post","link":"https:\/\/www.terveilm.ee\/leht\/blogi\/eesti-elanike-teadmised-ja-hoiakud-maailmahariduse-kohta\/","title":{"rendered":"Eesti elanike teadmised ja hoiakud maailmahariduse kohta"},"content":{"rendered":"\n<p>K\u00e4esolev raport annab \u00fclevaate 2025. aastal l\u00e4biviidud arvamusk\u00fcsitlusest, mille eesm\u00e4rk oli kaardistada Eesti elanike teadmisi, arusaamu ja hoiakuid maailmahariduse teemade suhtes. Tahtsime teada, kuiv\u00f5rd h\u00e4sti tajuvad inimesed maailmahariduse olemust, milliseid teemasid peavad prioriteetseteks ning millised on nende v\u00e4\u00e4rtushinnangud ja tegutsemisvalmidus globaalsete probleemide lahendamisel. Uuringu viis l\u00e4bi Arengukoost\u00f6\u00f6 \u00dcmarlaud (AK\u00dc) koost\u00f6\u00f6s MT\u00dc Mondoga, kes osales k\u00fcsitluse sisulises  ettevalmistuses. Andmekogumise teostas uuringufirma Norstat ja veebik\u00fcsitlusele vastas kokku 1161 Eesti elanikku vanuses 18+. K\u00fcsitlus toimus ajavahemikus 27. kuni 31. oktoober 2025.<\/p>\n\n\n\n<p><br>Valminud raport ja tulemused on m\u00f5eldud praktilise t\u00f6\u00f6riistana maailmahariduse valdkonna arendajatele, \u00f5petajatele, poliitikakujundajatele ja teistele partneritele, kes tegelevad globaalsete teemade tutvustamise ja teadlikkuse t\u00f5stmisega Eestis. Saadud andmed aitavad m\u00f5ista, millised v\u00e4\u00e4rtused ja teadmised toetavad Eesti inimeste seotust maailmaga ning millistes aspektides on vaja edaspidi teadlikkust ja tegutsemisvalmidust suurendada.<br>Arvamusk\u00fcsitluse l\u00e4biviimist rahastasid Eesti Rahvusvahelise Arengukoost\u00f6\u00f6 Keskus ESTDEV projekti \u201eAvaliku teadlikkuse t\u00f5stmine arengukoost\u00f6\u00f6st ja humanitaarabist l\u00e4bi andmep\u00f5hise meediat\u00f6\u00f6 ning praktilise ajakirjanduskursuse\u201c raames ning v\u00e4lisministeerium.<\/p>\n\n\n\n<ol start=\"27\" class=\"wp-block-list\"><\/ol>\n\n\n<a href=\"https:\/\/www.terveilm.ee\/leht\/wp-content\/uploads\/2025\/12\/TERVEILM_raport_maailmaharidus_2025_v2.pdf\" class=\"pdfemb-viewer\" style=\"\" data-width=\"max\" data-height=\"max\" data-toolbar=\"bottom\" data-toolbar-fixed=\"off\">TERVEILM_raport_maailmaharidus_2025_v2<\/a>","protected":false},"excerpt":{"rendered":"<p>K\u00e4esolev raport annab \u00fclevaate 2025. aastal l\u00e4biviidud arvamusk\u00fcsitlusest, mille eesm\u00e4rk oli kaardistada Eesti elanike teadmisi, arusaamu ja hoiakuid maailmahariduse teemade&#8230;<\/p>\n","protected":false},"author":26,"featured_media":0,"comment_status":"open","ping_status":"open","sticky":false,"template":"","format":"standard","meta":{"_acf_changed":false,"footnotes":""},"categories":[7],"tags":[],"class_list":["post-15716","post","type-post","status-publish","format-standard","hentry","category-uudised"],"acf":[],"_links":{"self":[{"href":"https:\/\/www.terveilm.ee\/leht\/wp-json\/wp\/v2\/posts\/15716","targetHints":{"allow":["GET"]}}],"collection":[{"href":"https:\/\/www.terveilm.ee\/leht\/wp-json\/wp\/v2\/posts"}],"about":[{"href":"https:\/\/www.terveilm.ee\/leht\/wp-json\/wp\/v2\/types\/post"}],"author":[{"embeddable":true,"href":"https:\/\/www.terveilm.ee\/leht\/wp-json\/wp\/v2\/users\/26"}],"replies":[{"embeddable":true,"href":"https:\/\/www.terveilm.ee\/leht\/wp-json\/wp\/v2\/comments?post=15716"}],"version-history":[{"count":1,"href":"https:\/\/www.terveilm.ee\/leht\/wp-json\/wp\/v2\/posts\/15716\/revisions"}],"predecessor-version":[{"id":15718,"href":"https:\/\/www.terveilm.ee\/leht\/wp-json\/wp\/v2\/posts\/15716\/revisions\/15718"}],"wp:attachment":[{"href":"https:\/\/www.terveilm.ee\/leht\/wp-json\/wp\/v2\/media?parent=15716"}],"wp:term":[{"taxonomy":"category","embeddable":true,"href":"https:\/\/www.terveilm.ee\/leht\/wp-json\/wp\/v2\/categories?post=15716"},{"taxonomy":"post_tag","embeddable":true,"href":"https:\/\/www.terveilm.ee\/leht\/wp-json\/wp\/v2\/tags?post=15716"}],"curies":[{"name":"wp","href":"https:\/\/api.w.org\/{rel}","templated":true}]}}