{"id":15756,"date":"2026-01-06T13:31:45","date_gmt":"2026-01-06T11:31:45","guid":{"rendered":"https:\/\/www.terveilm.ee\/leht\/?p=15756"},"modified":"2026-01-06T13:33:55","modified_gmt":"2026-01-06T11:33:55","slug":"toilas-toimunud-julgeoleku-ja-kodanikuuhiskonna-konverents-toi-fookusesse-arengukoostoo-ja-kodanikuuhiskonna-rolli","status":"publish","type":"post","link":"https:\/\/www.terveilm.ee\/leht\/blogi\/toilas-toimunud-julgeoleku-ja-kodanikuuhiskonna-konverents-toi-fookusesse-arengukoostoo-ja-kodanikuuhiskonna-rolli\/","title":{"rendered":"Toilas toimunud julgeoleku ja kodaniku\u00fchiskonna konverents t\u00f5i fookusesse arengukoost\u00f6\u00f6 ja kodaniku\u00fchiskonna rolli"},"content":{"rendered":"\n<p>4.\u20137. detsembril 2025 toimus Toilas viies julgeoleku ja kodaniku\u00fchiskonna konverents, mis keskendus arengukoost\u00f6\u00f6 m\u00f5jule ja t\u00f5hususele Euroopa ning \u00fcleilmse julgeoleku kontekstis ebastabiilsetel aegadel. Tegemist oli rahvusvahelise k\u00f5rgetasemelise s\u00fcndmusega, mis t\u00f5i kokku poliitikakujundajad, kodaniku\u00fchiskonna organisatsioonid, eksperdid ja arengukoost\u00f6\u00f6 praktikud Euroopast ja mujalt maailmast.<\/p>\n\n\n\n<p>Konverentsi \u00fcheks korraldajaks oli Arengukoost\u00f6\u00f6 \u00dcmarlaua (AK\u00dc) liige Sillam\u00e4e Lastekaitse \u00dching, mis korraldas s\u00fcndmuse koost\u00f6\u00f6s Peace Child Eestiga ning rahvusvaheliste v\u00f5rgustikega Green Habito ja EuroMeduc. S\u00fcndmusel osalesid mitmete AK\u00dc liikmesorganisatsioonide esindajad, aidates kaasa Eesti kodaniku\u00fchiskonna n\u00e4htavusele rahvusvahelises arengukoost\u00f6\u00f6 ja julgeoleku arutelus.<\/p>\n\n\n\n<p>Kolmep\u00e4evane programm h\u00f5lmas paneelarutelusid, temaatilisi t\u00f6\u00f6tubasid ning \u00fchise p\u00f6\u00f6rdumise ehk konverentsi deklaratsiooni v\u00e4ljat\u00f6\u00f6tamist. Arutelude keskmes olid globaalsete kriiside s\u00fcvenemine, rahvusvahelise koost\u00f6\u00f6 ressursside v\u00e4henemine ning vajadus tugevdada kogukondade vastupanuv\u00f5imet l\u00e4bi kaasava ja inimkeskse arengukoost\u00f6\u00f6.<\/p>\n\n\n\n<p>Oma panuse andis ka Arengukoost\u00f6\u00f6 \u00dcmarlaua tegevjuht Triin Roos, kes modereeris paneelarutelu teemal <em>\u201eGlobaalsed v\u00e4ljakutsed ja nende m\u00f5ju Eestile ja maailmale\u201c<\/em>. Arutelus k\u00e4sitleti muu hulgas kliimamuutuste, hariduse, sotsiaalse turvalisuse, inim\u00f5iguste, demokraatia, majandusarengu ja humanitaarabi omavahelisi seoseid ning nende m\u00f5ju nii kohalikele kogukondadele kui ka rahvusvahelisele julgeolekule. Paneelis osalesid eksperdid OECDst, akadeemilisest maailmast ning kodaniku\u00fchiskonna organisatsioonidest Euroopast, Aafrikast ja Ameerika \u00dchendriikidest.<\/p>\n\n\n\n<p>Konverentsil osales kokku \u00fcle 160 inimese 29 riigist. See kinnitas taas vajadust rahvusvahelise dialoogi ja koost\u00f6\u00f6 j\u00e4rele olukorras, kus \u00fcleilmsed kriisid on \u00fcha enam omavahel p\u00f5imunud.<\/p>\n\n\n\n<h4 class=\"wp-block-heading\"><strong>\u00dclevaade konverentsi deklaratsioonist<\/strong><\/h4>\n\n\n\n<p>Konverentsi \u00fcheks olulisemaks tulemuseks oli <strong>Julgeoleku ja kodaniku\u00fchiskonna deklaratsiooni<\/strong> vastuv\u00f5tmine, mis kujutab endast kodaniku\u00fchiskonna ja rahvusvaheliste osalejate \u00fchist p\u00f6\u00f6rdumist rahvusvahelise kogukonna poole.<\/p>\n\n\n\n<p>Deklaratsioon r\u00f5hutab, et arengukoost\u00f6\u00f6 m\u00f5ju ja t\u00f5husus ei saa piirduda \u00fcksnes rahalise abiga. Vajalik on keskenduda kohalike kogukondade tegelikele vajadustele, toetada kestlike ja pikaajaliste lahenduste loomist ning tugevdada erinevate arengukoost\u00f6\u00f6 osapoolte omavahelist koordineerimist. Olulisel kohal on kodaniku\u00fchiskonna organisatsioonide roll \u2013 neid n\u00e4hakse nii esmareageerijate, varajase hoiatuse s\u00fcsteemide kui ka kogukondade v\u00f5imestajatena, kelle t\u00f6\u00f6 on sageli takistatud killustunud ja ebapiisava rahastuse t\u00f5ttu.<\/p>\n\n\n\n<p>Deklaratsioonis tuuakse esile ka meedia- ja digip\u00e4devuse t\u00e4htsus vastupidavate \u00fchiskondade kujundamisel ning r\u00f5hutatakse noorte ja soolise v\u00f5rd\u00f5iguslikkuse kaasamise vajadust arengukoost\u00f6\u00f6s. Samuti kutsutakse \u00fcles hoidma \u00dcRO tegevuskava 2030 eluj\u00f5ulisena, l\u00f5imides kestlikkuse igap\u00e4evastesse poliitikatesse ja praktikatesse ning hinnates arengut laiemalt kui vaid majanduskasvu n\u00e4itajate kaudu.<\/p>\n\n\n\n<p>Kokkuv\u00f5ttes kinnitab deklaratsioon, et arengukoost\u00f6\u00f6 on lahutamatu osa julgeolekust ja rahust ning n\u00f5uab kaasavaid partnerlusi, pikaajalist p\u00fchendumist ja koordineeritud rahvusvahelist tegutsemist \u2013 eriti ebakindlatel ja kiiresti muutuvatel aegadel. Loe t\u00e4ismahus ingliskeelset deklaratsiooni <a href=\"https:\/\/conference.sscw.ee\/declaration2025\/\">SIIN<\/a>.&nbsp;<\/p>\n\n\n\n<p>Konverentsi korraldasid Eesti organisatsioonid <strong>Peace Child Eesti<\/strong> ja <strong>Sillam\u00e4e Lastekaitse \u00dching<\/strong> koost\u00f6\u00f6s rahvusvaheliste v\u00f5rgustikega <strong>Green Habito<\/strong> ja <strong>EuroMeduc<\/strong>.<\/p>\n\n\n\n<p>Konverentsi toimumist toetasid mitmed Euroopa ja rahvusvahelised organisatsioonid ning institutsioonid, sealhulgas <strong>Euroopa Liidu \u00dchtekuuluvuspoliitika fond, Briti N\u00f5ukogu Eestis, Kodaniku\u00fchiskonna Sihtkapital (K\u00dcSK), Eesti Rahvusvahelise Arengukoost\u00f6\u00f6 Keskus, Euroopa Komisjoni esindus Eestis, Eesti V\u00e4lisministeerium, Majanduskoost\u00f6\u00f6 ja Arengu Organisatsioon (OECD), Center for Global Development Europe, Stockholm Environment Institute, MARTA Keskus, Enabel, L\u00e4ti Keskne Finants- ja Lepingute Agentuur ning Concord Europe<\/strong>.<\/p>\n\n\n\n<p><\/p>\n\n\n\n<figure class=\"wp-block-image size-large\"><a href=\"https:\/\/www.terveilm.ee\/leht\/wp-content\/uploads\/2026\/01\/conference-poster-JPG-scaled-2.jpg\"><img loading=\"lazy\" decoding=\"async\" width=\"1024\" height=\"731\" src=\"https:\/\/www.terveilm.ee\/leht\/wp-content\/uploads\/2026\/01\/conference-poster-JPG-scaled-2-1024x731.jpg\" alt=\"\" class=\"wp-image-15760\" srcset=\"https:\/\/www.terveilm.ee\/leht\/wp-content\/uploads\/2026\/01\/conference-poster-JPG-scaled-2-1024x731.jpg 1024w, https:\/\/www.terveilm.ee\/leht\/wp-content\/uploads\/2026\/01\/conference-poster-JPG-scaled-2-300x214.jpg 300w, https:\/\/www.terveilm.ee\/leht\/wp-content\/uploads\/2026\/01\/conference-poster-JPG-scaled-2-768x548.jpg 768w, https:\/\/www.terveilm.ee\/leht\/wp-content\/uploads\/2026\/01\/conference-poster-JPG-scaled-2-1536x1097.jpg 1536w, https:\/\/www.terveilm.ee\/leht\/wp-content\/uploads\/2026\/01\/conference-poster-JPG-scaled-2-2048x1462.jpg 2048w\" sizes=\"auto, (max-width: 1024px) 100vw, 1024px\" \/><\/a><\/figure>\n","protected":false},"excerpt":{"rendered":"<p>4.\u20137. detsembril 2025 toimus Toilas viies julgeoleku ja kodaniku\u00fchiskonna konverents, mis keskendus arengukoost\u00f6\u00f6 m\u00f5jule ja t\u00f5hususele Euroopa ning \u00fcleilmse julgeoleku&#8230;<\/p>\n","protected":false},"author":32,"featured_media":15769,"comment_status":"open","ping_status":"open","sticky":false,"template":"","format":"standard","meta":{"_acf_changed":false,"footnotes":""},"categories":[3],"tags":[35,28,29],"class_list":["post-15756","post","type-post","status-publish","format-standard","has-post-thumbnail","hentry","category-blogi","tag-arengukoostoo","tag-poliitikate-sidusus","tag-sundmused"],"acf":[],"_links":{"self":[{"href":"https:\/\/www.terveilm.ee\/leht\/wp-json\/wp\/v2\/posts\/15756","targetHints":{"allow":["GET"]}}],"collection":[{"href":"https:\/\/www.terveilm.ee\/leht\/wp-json\/wp\/v2\/posts"}],"about":[{"href":"https:\/\/www.terveilm.ee\/leht\/wp-json\/wp\/v2\/types\/post"}],"author":[{"embeddable":true,"href":"https:\/\/www.terveilm.ee\/leht\/wp-json\/wp\/v2\/users\/32"}],"replies":[{"embeddable":true,"href":"https:\/\/www.terveilm.ee\/leht\/wp-json\/wp\/v2\/comments?post=15756"}],"version-history":[{"count":2,"href":"https:\/\/www.terveilm.ee\/leht\/wp-json\/wp\/v2\/posts\/15756\/revisions"}],"predecessor-version":[{"id":15765,"href":"https:\/\/www.terveilm.ee\/leht\/wp-json\/wp\/v2\/posts\/15756\/revisions\/15765"}],"wp:featuredmedia":[{"embeddable":true,"href":"https:\/\/www.terveilm.ee\/leht\/wp-json\/wp\/v2\/media\/15769"}],"wp:attachment":[{"href":"https:\/\/www.terveilm.ee\/leht\/wp-json\/wp\/v2\/media?parent=15756"}],"wp:term":[{"taxonomy":"category","embeddable":true,"href":"https:\/\/www.terveilm.ee\/leht\/wp-json\/wp\/v2\/categories?post=15756"},{"taxonomy":"post_tag","embeddable":true,"href":"https:\/\/www.terveilm.ee\/leht\/wp-json\/wp\/v2\/tags?post=15756"}],"curies":[{"name":"wp","href":"https:\/\/api.w.org\/{rel}","templated":true}]}}