{"id":3002,"date":"2011-12-22T00:00:38","date_gmt":"2011-12-21T22:00:38","guid":{"rendered":"http:\/\/www.terveilm.ee\/?p=3002"},"modified":"2011-12-22T00:00:38","modified_gmt":"2011-12-21T22:00:38","slug":"euroopa-arengupaevadel-raagiti-meie-uleminekukogemuste-jagamisest-pohja-aafrikaga","status":"publish","type":"post","link":"https:\/\/www.terveilm.ee\/leht\/blogi\/euroopa-arengupaevadel-raagiti-meie-uleminekukogemuste-jagamisest-pohja-aafrikaga\/","title":{"rendered":"Euroopa Arengup\u00e4evadel r\u00e4\u00e4giti meie \u00fcleminekukogemuste jagamisest P\u00f5hja-Aafrikaga"},"content":{"rendered":"<p><strong>\u00a015.-16. detsembril 2011 toimusid Poolas juba kuuendad Euroopa Arengup\u00e4evad, kus said kokku arengukoost\u00f6\u00f6 valdkonnas t\u00f6\u00f6tavad esindajad Euroopa Komisjonist, ELi liikmeesriikidest, kodaniku\u00fchendustest, \u00fclikoolidest ja rahvusvahelistest organisatsioonidest nagu \u00dcRO, Maailmapank ja OECD. \u00a0<\/strong><\/p>\n<p>Kohal oli ka mitmed esindajad arengumaadest, n\u00e4iteks Burkina Faso endine peaminister Tertius Zongo, K\u00f5rg\u00f5zstani endine president Roza I. Otunbaeva ja Uganda parlamendiliige Betty Amongi, kuigi nad j\u00e4id pigem erandiks suuresti eurooplastest koosnevates foorumites.<\/p>\n<p>Vaatamata k\u00f5rgetele k\u00fclalistele Arengup\u00e4evadel ja Euroopa p\u00fc\u00fcdlustele juba aastak\u00fcmneid toetada riikide arengut, kus inim- ja majanduslik areng ei ole k\u00f5rgelt arenenud, on Euroopal endiselt p\u00f5hjust k\u00e4sitleda oma p\u00fc\u00fcdlusi globaalse arengu tagamistel kriitiliselt. Juba avatseremoonial esinenud professor Shirin Ebadilt, kes 2003. aastal v\u00f5itis Nobeli rahupreemia inim\u00f5iguste ja demokraatia eest v\u00f5itlemise t\u00f5ttu Iraanis, lausus:\u00a0 \u201eMa \u00f5hutan Euroopa Liitu, et ta ei aktsepteeriks diktaatorite r\u00e4past raha!\u201d. Ebadi pidas \u201er\u00e4pase raha\u201d all silmas olukordi, kui Euroopa firmad m\u00fc\u00fcvad Iraanile tehnoloogiat, mille abil valitsejad saavad lugeda oma kodanike tekstis\u00f5numeid ning tuvastada opositsiooni liikmete asukohti. Samuti oli Nobeli laureaadil meeles see, et totalitaarsete riikide juhid hoiavad Euroopa pankades raha, mis ei ole ausalt teenitud, ning ostavad selle eest Euroopas omale uhkeid h\u00e4\u00e4rbereid samal ajal kui nende riikide kodanikud elavad tihti vaesuses ja ilma selliste inim\u00f5igusteta nagu \u00f5igus arvamusele, usu- v\u00f5i liikumisvabadusele. Rasketel aegadel on aga Euroopa pankadel veelgi keerulisem keelduda rahast, mida soovitakse siin mandril hoiustada.<\/p>\n<p><strong>Re\u017eiimi \u00fclemineku\u00f5ppetunnid Poolast P\u00f5hja-Aafrikasse?<\/strong><\/p>\n<p>Arengup\u00e4evade peamine teemap\u00fcstitus keskendus sel aastal demokraatiale ja \u00fcleminekuprotsesside maailmas, mis Araabia kevade taustal on igati p\u00e4evakohane. K\u00fcsiti, kuidas jagada re\u017eiimi \u00fclemineku \u00f5ppetunde teiste riikidega? Kas arengukoost\u00f6\u00f6 vahenditega on v\u00f5imalik demokraatia tekkimist mujal maailmas soodustada ja kuidas? S\u00fcmboolselt oli hea neid teemasid just Poolas arutada, sest vaid kahek\u00fcmne aasta eest oli ka Poola totalitaarne riik. T\u00e4naseks on aga Poolas \u00fcleminekuprotsessid edukalt l\u00e4bitud ja demokraatia toimib.<\/p>\n<p>Ma ei julgeks v\u00e4ita, et Arengup\u00e4evade arutelude k\u00e4igus j\u00f5uti p\u00f5hjapanevate uute lahendusteni \u00fclemineku strateegiate koostamisel, kuid olulisi n\u00e4pun\u00e4iteid, elukogemusi ja \u00f5ppetunde jagasid paneel ja publik omavahel k\u00fcll. N\u00e4iteks r\u00f5hutas Jan. K. Bielecki, endine Poola peaminister nii poliitiliste kui ka majanduslike protsesside koostoimimise vajadust eduka riigikorramuutuse saavutamiseks. Ei piisa kui tegeleda ainult poliitiliste k\u00fcsimustega, erinevate osapoolte lepitamise ja kaasamisega\u00a0 ning riigiraha jagamisega &#8211; tuleb m\u00f5elda ka tingimustele, kuidas tagada eraettev\u00f5tlusele ja investeeringutele hea kasvupinnas. Ei tohi unustada \u2013 \u201eIt\u2019s economy, stupid!\u201d \u2013 nagu seda v\u00e4ljendas Bill Clinton. Arutelus j\u00f5uti ka j\u00e4reldusele, et iga \u00fclemineku protsess on unikaalne, kuid siiski saab m\u00f5ningaid printsiipe ja reegleid kohaldada ka teistesse riikidesse. Jan K. Bielecki arvates on universaalseteks \u00f5ppetundideks n\u00e4iteks t\u00f5e v\u00e4ljaselgitamine ja lepitusprotsessid, \u00fcleminekuprotsesside \u00f5ige ajastus ning toetus rahvusvahelistelt organisatsioonidelt \u00fcleminekuprotsessi jooksul.<\/p>\n<p>Selle teema arutlusele Poolas lisas oma kohalviibimisega autoriteeti ka Tuneesia vahepeaminister Mohamed Beji Caid Essebsi, kes oma p\u00f6\u00f6rdumises muu hulgas t\u00e4nas eurooplasi, et nad on Tuneesia revolutsiooni esimesest p\u00e4evast toetanud tuneeslasi nende ettev\u00f5tmises.<\/p>\n<p><strong>Superstaar professor<\/strong><\/p>\n<p>Arengup\u00e4evadelt ei puudunud ka omamoodi superstaarprofessor Hans Rosling, kelle ettekande ajaks t\u00e4itus saal pea t\u00e4ielikult. Rahvastiku- ja majandusstatistika, mida ollakse harjunud n\u00e4gema igavate numbrite, graafikute ja tabelite kujul on Roslingu ettekandes muutunud ajas liikuvateks statistilisteks pallideks, mis n\u00e4itlikustavad riikide arengut ning maailma demograafilist olukorda. Selle Rootsi rahvatervise uurija v\u00e4ga konkreetsed v\u00e4ited nagu see, et m\u00f5iste \u201earenguriigid\u201d on anakronism, sest eksisteerivad vaid madala, keskmise ja k\u00f5rge sissetulekuga riigid, ning tema k\u00fcsimus, \u201eMiks liigitab \u00dcRO Singapuri, L\u00f5una-Korea ja Katari arengumaade hulka ning Rumeenia ja Albaania arenenud riikide hulka m\u00f5nes oma raportis?\u201c ei j\u00e4ta kedagi \u00fcksk\u00f5ikseks.<\/p>\n<p>Teemasid, mida arengup\u00e4evade jooksul k\u00e4sitleti, oli teisigi, n\u00e4iteks sotsiaalmeedia m\u00f5ju demokraatia arengule, erasektori roll arengu tagamisel, n\u00e4ljah\u00e4dade ennetamine jne. Allpool k\u00e4sitletud kaks teemat j\u00e4id minule eriliselt silma, sest neile viidati mitmeid kordi erinevate foorumite jooksul.<\/p>\n<p><strong>Soolise v\u00f5rd\u00f5iguslikkuse roll riigi arengus<\/strong><\/p>\n<p>V\u00f5rdsete v\u00f5imaluste andmine nii naistele kui ka meestele osalemaks \u00fchiskonnas ja sotsiaalses elus v\u00f5ib paljudele tunduda v\u00e4het\u00e4htsa osana n\u00e4lja v\u00e4hendamisel ja parema tervise saavutamisel arenguriikides. Siiski on selgunud, et tihti on sooline v\u00f5rd\u00f5iguslikkus just v\u00f5tmek\u00fcsimus arengu tagamisel. Carolina Sanchez maailmapangast tutvustas arengup\u00e4evadel raportit \u201eSooline v\u00f5rd\u00f5iguslikkus ja areng\u201d, mis koondab t\u00f5estust ja juhtumianal\u00fc\u00fcse soolise v\u00f5rd\u00f5iguslikkuse olulisusest arengu tagamisel. Raport toob v\u00e4lja, et riigi kasvupotentsiaal v\u00f5ib suureneda, kui naised omavad suuremat kontrolli majapidamisressursside \u00fcle, sest naised muudavad kulutamisharjumusi nii, et see toob enam kasu lastele ehk riigi j\u00e4rgmisele p\u00f5lvkonnale.<\/p>\n<p>Maailmapanga majandusteadlane t\u00f5i v\u00e4lja, et tihi on just \u00fchiskonnas levinud v\u00e4\u00e4rtused ja hoiakud need, mis ei soosi v\u00f5i lausa keelavad naistele hariduse andmist ja naise t\u00f6\u00f6tamist v\u00e4ljaspool kodu. Kuid miski maailmas ei ole muutumatu ning samuti ka naiste roll mitmetes \u00fchiskondades. Lootusrikka n\u00e4itena t\u00f5i Carolina Sanchez v\u00e4lja Ecuadori p\u00f5lisrahvaste naiste firma juhtumi. Hoiakud meeste hulgas naiste t\u00f6\u00f6tamise kohta kodust v\u00e4ljaspool muutusid peale positiivseid majandustulemusi firmas \u2013 kui naised hakkasid koju raha tooma ja ettev\u00f5te osutus edukaks, ei olnud meestel enam midagi selle vastu, et naised t\u00f6\u00f6tasid kodust v\u00e4ljaspool.<\/p>\n<p>Teiste poliitikate sidusus arengukoost\u00f6\u00f6ga<\/p>\n<p>Mitmed poliitikakujundajad ja kodanikud on j\u00f5udnud arusaamisele, et ei ole m\u00f5tet \u00fchelt poolt pingutada, et luua tingimusi, et arenguriikides saaks toimuda majanduslik ja sotsiaalne areng ning teiste poliitika vahenditega just seda sama arengut p\u00e4rssida. Euroopa Liit on Lissaboni lepinguga \u00f5iguslikult siduvaks muutnud, et \u201cLiit v\u00f5tab arengukoost\u00f6\u00f6 eesm\u00e4rke arvesse muu sellise poliitika puhul, mida ta rakendab ja mis t\u00f5en\u00e4oliselt m\u00f5jutab arengumaid\u201d (artikkel 208). Ka arengukoost\u00f6\u00f6 volinik Andris Piebalgs r\u00f5hutas arengusidususe olulisust, kuid\u00a0 ometi leiab hiljuti avaldatud CONCORD raport mitmeid n\u00e4iteid, kuidas EL p\u00f5llumajandus-, migratsiooni- ja kaubanduspoliitikaga endiselt p\u00e4rsivad arengukoost\u00f6\u00f6 peamist eesm\u00e4rki \u2013 v\u00e4hendada vaesust ja pikas perspektiivis see kaotada kogu maailmast. N\u00e4iteks t\u00f5rjub Euroopa subsideeritud piimapulber turult v\u00e4lja mitmed Kameruni ja Bangladeshi kohalikud p\u00f5llumajandustootjad olukorras, kus need riigid ei ole toiduga kindlustatud.<\/p>\n<p><strong>Milleks meile Arengup\u00e4evad?<\/strong><\/p>\n<p>Euroopa Arengup\u00e4evadel korrati \u00fcle mitmeid tuntud t\u00f5desid, n\u00e4iteks et ennek\u00f5ike seisab oma riigi arengu eest ikka riik ise ja v\u00e4ljastpoolt saab Euroopa Liit ja kodaniku\u00fchendused seda arengut vaid toetada. Samuti vaadati Arengup\u00e4evadel tulevikku. Euroopa Komisjoni uus arengukoost\u00f6\u00f6 dokument \u201eAgenda for Change\u201d ja Busanis toimunud abi t\u00f5husust k\u00e4sitlenud konverents olid taustaks mitmetele diskussioonidele abi fokuseeritumaks ja efektiivsemaks muutmise \u00fcle. M\u00f5eldi ka sellele, mis saab peale 2015. aastat kui aastatuhande arengueesm\u00e4rkide t\u00e4htaeg j\u00f5uab k\u00e4tte \u2013 kas s\u00e4testada uued m\u00f5\u00f5detavad eesm\u00e4rgid v\u00f5i koostada hoopis t\u00e4iesti uus kontseptsioon arengukoost\u00f6\u00f6s? Kuidas seda teha ning mis roll on kodanikel selle k\u00f5ige juures?<\/p>\n<p>Esitati raskeid k\u00fcsimusi ning v\u00e4hestele on lihtsaid vastuseid. Kuid arengukoost\u00f6\u00f6 v\u00f5lu seisnebki selles, et tulemusteni j\u00f5utakse koost\u00f6\u00f6 k\u00e4igus, mis on tihtipeale aegan\u00f5udev protsess. Selles osas t\u00e4itsid Arengup\u00e4evad oma \u00fclesannet olles foorumiks, mis toob kokku arengukoost\u00f6\u00f6s tegevad osapooled kogemuste jagamiseks ja koos tulevikku vaatamiseks.<\/p>\n<p><strong>Lisainfo:<\/strong><\/p>\n<ol>\n<li>Euroopa Arengu\u00e4evad <a href=\"http:\/\/www.eudevdays.eu\" target=\"_blank\">www.eudevdays.eu<\/a><\/li>\n<li>World Development Report 2012 <a href=\"http:\/\/wdronline.worldbank.org\/\/worldbank\/a\/c.html\/world_development_report_2012\/abstract\/WB.978-0-8213-8825-9.abstract\" target=\"_blank\">\u201cGender Equality and Development\u201d<\/a><\/li>\n<li>CONCORD <a href=\"http:\/\/www.concordeurope.org\/83-spotlight-on-policy-coherence-for-development-2011\" target=\"_blank\">\u201cSpotlight on EU Policy Coherence 2011&#8243;<\/a><\/li>\n<li><a href=\"http:\/\/www.gapminder.org\/\" target=\"_blank\">Gapminder.org<\/a>, Hans Roslingu loodud portaal<\/li>\n<li>Vaata fotoalbumit Euroopa Arengup\u00e4evade kohta <a href=\"http:\/\/www.facebook.com\/media\/set\/?set=a.10150519312320272.424051.70735295271&amp;type=3\" target=\"_blank\">Facebookist<\/a><\/li>\n<\/ol>\n<p><em>Autor: Mirjam Sutrop<\/em><\/p>\n<p><em>Autor osales Euroopa Arengup\u00e4evadel Arengukoost\u00f6\u00f6 \u00dcmarlaua delegatsioonis <a href=\"http:\/\/www.euroopaliikumine.ee\" target=\"_blank\">Eesti Euroopa Liikumise<\/a> esindajana.<\/em><\/p>\n","protected":false},"excerpt":{"rendered":"<p>\u00a015.-16. detsembril 2011 toimusid Poolas juba kuuendad Euroopa Arengup\u00e4evad, kus said kokku arengukoost\u00f6\u00f6 valdkonnas t\u00f6\u00f6tavad esindajad Euroopa Komisjonist, ELi liikmeesriikidest,&#8230;<\/p>\n","protected":false},"author":6,"featured_media":0,"comment_status":"closed","ping_status":"open","sticky":false,"template":"","format":"standard","meta":{"_acf_changed":false,"footnotes":""},"categories":[3],"tags":[35],"class_list":["post-3002","post","type-post","status-publish","format-standard","hentry","category-blogi","tag-arengukoostoo"],"acf":[],"_links":{"self":[{"href":"https:\/\/www.terveilm.ee\/leht\/wp-json\/wp\/v2\/posts\/3002","targetHints":{"allow":["GET"]}}],"collection":[{"href":"https:\/\/www.terveilm.ee\/leht\/wp-json\/wp\/v2\/posts"}],"about":[{"href":"https:\/\/www.terveilm.ee\/leht\/wp-json\/wp\/v2\/types\/post"}],"author":[{"embeddable":true,"href":"https:\/\/www.terveilm.ee\/leht\/wp-json\/wp\/v2\/users\/6"}],"replies":[{"embeddable":true,"href":"https:\/\/www.terveilm.ee\/leht\/wp-json\/wp\/v2\/comments?post=3002"}],"version-history":[{"count":0,"href":"https:\/\/www.terveilm.ee\/leht\/wp-json\/wp\/v2\/posts\/3002\/revisions"}],"wp:attachment":[{"href":"https:\/\/www.terveilm.ee\/leht\/wp-json\/wp\/v2\/media?parent=3002"}],"wp:term":[{"taxonomy":"category","embeddable":true,"href":"https:\/\/www.terveilm.ee\/leht\/wp-json\/wp\/v2\/categories?post=3002"},{"taxonomy":"post_tag","embeddable":true,"href":"https:\/\/www.terveilm.ee\/leht\/wp-json\/wp\/v2\/tags?post=3002"}],"curies":[{"name":"wp","href":"https:\/\/api.w.org\/{rel}","templated":true}]}}