{"id":4184,"date":"2013-09-04T11:10:10","date_gmt":"2013-09-04T08:10:10","guid":{"rendered":"http:\/\/www.terveilm.ee\/?p=4184"},"modified":"2013-09-04T11:10:10","modified_gmt":"2013-09-04T08:10:10","slug":"suuria-pagulased","status":"publish","type":"post","link":"https:\/\/www.terveilm.ee\/leht\/blogi\/suuria-pagulased\/","title":{"rendered":"Eestlased ulatavad abik\u00e4e S\u00fc\u00fcria pagulastele"},"content":{"rendered":"<p style=\"text-align: left;\"><strong>T\u00e4naseks ei ole Eestis ilmselt enam palju inimesi, kes poleks kuulnud S\u00fc\u00fcrias k\u00e4imast kodus\u00f5jast, v\u00f5imalikust keemiarelva kasutusest ning teiste maailma riikide reaktsioonist sellele. Samuti ei saa tulla kellelegi \u00fcllatusena, et s\u00f5ja tagaj\u00e4rjel kannatavad ka paljud tsiviilisikud, sealhulgas lapsed. Paljud k\u00fcsivad, kuidas meie saaksime abistada s\u00fc\u00fctuid ohvreid. Anname m\u00f5ned soovitused.<\/strong><\/p>\n<p><em>(Uuendatud 10.09.2013)<\/em><\/p>\n<p>&nbsp;<\/p>\n<p>Alustuseks tasub endale siiski meelde tuletada, miks ja kuidas s\u00f5da \u00fcldse arenenud on. P\u00e4ris hea \u00fclevaate S\u00fc\u00fcria s\u00fcndmuste arengust tegi\u00a0<a href=\"http:\/\/etv.err.ee\/index.php?05593527&amp;video=8585\" target=\"_blank\">Ringvaate saade<\/a>, kus saab n\u00e4ha, kui pikalt konflikt kestnud on ja mis on selle tinginud. Samas saates r\u00e4\u00e4kis s\u00f5jakoledustest ka\u00a0<a href=\"http:\/\/etv.err.ee\/index.php?05593527&amp;video=8586\" target=\"_blank\">\u00dcRO rahuvalvevaatlejana S\u00fc\u00fcrias viibinud eestlane Madis Morel<\/a>. Vikerraadios on teemat kommenteerinud v\u00e4lisminister <a href=\"http:\/\/vikerraadio.err.ee\/helid?main_id=2108521\" target=\"_blank\">Urmas Paet<\/a>, anal\u00fc\u00fctik <a href=\"http:\/\/heli.er.ee\/uudised\/4922817.mp3\" target=\"_blank\">Ahto Lobjakas<\/a>, ajakirjanik <a href=\"http:\/\/heli.er.ee\/uudised\/4922447.mp3\" target=\"_blank\">Krister Paris<\/a>\u00a0ja mitmed teised. V\u00e4lisilma saates kommenteeris v\u00f5imalike tulevikustsenaariume Kaitseuuringute Keskuse ekspert <a href=\"http:\/\/uudised.err.ee\/index.php?0&amp;popup=video&amp;id=58219\" target=\"_blank\">Erik M\u00e4nnik<\/a>.<\/p>\n<p>Ka tr\u00fckimeedias on ilmunud huvitavaid artikleid:<\/p>\n<ul>\n<li>Elu24 &#8220;<a href=\"http:\/\/www.elu24.ee\/1370854\/viis-fakti-suuria-kohta\" target=\"_blank\">Viis fakti S\u00fc\u00fcria kohta<\/a>&#8220;<\/li>\n<li>ERR uudised \u00a0&#8220;<a href=\"http:\/\/uudised.err.ee\/index.php?06286337\" target=\"_blank\">Toomas Alatalu: S\u00fc\u00fcria ja rahvusvaheliste suhete s\u00fcsteem<\/a>&#8220;<\/li>\n<li>ERR uudised &#8220;<a href=\"http:\/\/uudised.err.ee\/index.php?06286130\" target=\"_blank\">Mari-Liis Jakobson: S\u00fc\u00fcria ja CNN-i efekt<\/a>&#8220;<\/li>\n<li>Eesti P\u00e4evaleht &#8220;<a href=\"http:\/\/forte.delfi.ee\/news\/militaaria\/suuria-armee-ehk-hambuni-relvastatud-neljandik-mis-sellest-jarel-on.d?id=66651445\" target=\"_blank\">S\u00fc\u00fcria armee, ehk hambuni relvastatud neljandik, mis sellest j\u00e4rel on<\/a>&#8220;, Heiki Suurkask<\/li>\n<li>Diplomaatia &#8220;<a href=\"http:\/\/www.diplomaatia.ee\/artikkel\/soda-ja-rahu-suurias\/\" target=\"_blank\">S\u00f5da ja rahu S\u00fc\u00fcrias<\/a>&#8220;, Erik M\u00e4nnik<\/li>\n<\/ul>\n<p>\u00dcRO hinnangul on kodus\u00f5ja tagaj\u00e4rjel oma kodudest pidanud lahkuma \u00fcle 2 miljoni inimese (!), nendest pooled lapsed. Paljud neist on ilma j\u00e4\u00e4nud ka oma peredest. Tegu on \u00fche viimase aja suurima humanitaarkatastroofiga ja see ei ole j\u00e4tnud k\u00fclmaks ka eestlasi, kes on ulatanud abik\u00e4e.<\/p>\n<p>Eesti rahvas on sel aastal v\u00e4lisministeeriumi kaudu toetanud S\u00fc\u00fcria pagulasi mitmel korral ja kokku 607 785 euroga:<\/p>\n<ul>\n<li>\u00dcRO pagulaste \u00fclemvoliniku ameti (UNHCR) kaudu S\u00fc\u00fcria pagulaste humanitaarolukorra leevendamist T\u00fcrgis ja Iraagis 250 000 euroga<\/li>\n<li>UNHCR kaudu S\u00fc\u00fcria pagulaslaagrisse Jordaanias 100 000 euroga<\/li>\n<li>UNICEF-i kaudu\u00a0Liibanoni S\u00fc\u00fcria pagulaslaste haridustee j\u00e4tkamiseks 100 000 euroga<\/li>\n<li>P\u00e4\u00e4stemeeskonna liikme saatmisega rahvusvahelisele humanitaarmissioonile Jordaaniasse ning moodulelamute soetamisega pagulastelaagrisse kokku 68 709 euroga<\/li>\n<li>MT\u00dc Mondo poolt l\u00e4bi viidava projektiga S\u00fc\u00fcria pagulastest p\u00f5hikooli lastele m\u00f5eldud \u00f5pikeskkonna loomist Za\u2019atri pagulastelaagrisse Jordaanias\u00a089 076 euroga<\/li>\n<\/ul>\n<p>M\u00f6\u00f6dunud aastal toetas Eesti S\u00fc\u00fcria kriisis kannatanuid kokku 220 000 euroga.<\/p>\n<p>Briti ajalehe <a href=\"http:\/\/www.theguardian.com\/news\/datablog\/interactive\/2013\/sep\/06\/syria-aid-who-gives-how-much\" target=\"_blank\">The Guardian S\u00fc\u00fcria toetuse v\u00f5rdlus riikide kaupa<\/a> n\u00e4itab, et meie riigi majanduse suurust arvestades on see panus igati lugupeetav ja koguni suurem riikidest nagu Prantsusmaa v\u00f5i Hispaania.<\/p>\n<p>&nbsp;<\/p>\n<h2>Iga\u00fchel meist on v\u00f5imalik anda oma v\u00e4ike panus nende kahe Eesti algatuse kaudu:<\/h2>\n<p>[checklist]<\/p>\n<ul>\n<li>Tallinlanna Jaana-Aishah Aran algatas annetuste kogumise Istanbulis asuva S\u00fc\u00fcria pagulaslaagri abistamiseks, kuhu ta ise septembri l\u00f5pus vabatahtlikuna t\u00f6\u00f6le suundub. Annetustena on oodatud tekid, padjad, riided ja jalan\u00f5ud ning m\u00e4nguasjad.\u00a0<a href=\"http:\/\/www.help-syria.eu\/\" target=\"_blank\">www.help-syria.eu<\/a><a href=\"https:\/\/www.facebook.com\/groups\/496932393721373\/permalink\/498554936892452\/\" target=\"_blank\"><br \/>\n<\/a><\/li>\n<li>MT\u00dc Mondo on juba m\u00f5nda aega toetanud S\u00fc\u00fcriast Jordaaniasse p\u00f5genenud laste haridust, kuid 3. septembril alustati lisaks ka heategevuskampaaniaga, millega kogutakse annetusi Jordaanias Za\u2019atri pagulaslaagris elavatele lastele koolil\u00f5una pakkumiseks. <a href=\"http:\/\/muudamaailma.ee\/toeta-mondot\/sihtannetus\/toeta-koolilounat-suuria-pagulaslaagris\/\" target=\"_blank\">www.muudamaailma.ee<\/a>\u00a0[\/checklist]<\/li>\n<\/ul>\n<p style=\"text-align: center;\"><a href=\"http:\/\/muudamaailma.ee\/toeta-mondot\/sihtannetus\/\"><img loading=\"lazy\" decoding=\"async\" class=\" wp-image-4187 aligncenter\" alt=\"Mondo-Syria-banner\" src=\"http:\/\/www.terveilm.ee\/leht\/wp-content\/uploads\/2013\/09\/GIF_bannerid-300x247.gif\" width=\"210\" height=\"173\" \/><\/a><\/p>\n<p style=\"text-align: left;\"><em>Foto: Eesti V\u00e4lisministeeriumi foto <a href=\"http:\/\/www.flickr.com\/photos\/estonian-foreign-ministry\/sets\/72157632483886978\/\" target=\"_blank\">minister Urmas Paeti visiidist Zaatari pagulaslaagrisse 9. jaanuaril 2013<\/a><\/em><\/p>\n","protected":false},"excerpt":{"rendered":"<p>T\u00e4naseks ei ole Eestis ilmselt enam palju inimesi, kes poleks kuulnud S\u00fc\u00fcrias k\u00e4imast kodus\u00f5jast, v\u00f5imalikust keemiarelva kasutusest ning teiste maailma&#8230;<\/p>\n","protected":false},"author":6,"featured_media":4189,"comment_status":"open","ping_status":"open","sticky":false,"template":"","format":"standard","meta":{"_acf_changed":false,"footnotes":""},"categories":[3],"tags":[35],"class_list":["post-4184","post","type-post","status-publish","format-standard","has-post-thumbnail","hentry","category-blogi","tag-arengukoostoo"],"acf":[],"_links":{"self":[{"href":"https:\/\/www.terveilm.ee\/leht\/wp-json\/wp\/v2\/posts\/4184","targetHints":{"allow":["GET"]}}],"collection":[{"href":"https:\/\/www.terveilm.ee\/leht\/wp-json\/wp\/v2\/posts"}],"about":[{"href":"https:\/\/www.terveilm.ee\/leht\/wp-json\/wp\/v2\/types\/post"}],"author":[{"embeddable":true,"href":"https:\/\/www.terveilm.ee\/leht\/wp-json\/wp\/v2\/users\/6"}],"replies":[{"embeddable":true,"href":"https:\/\/www.terveilm.ee\/leht\/wp-json\/wp\/v2\/comments?post=4184"}],"version-history":[{"count":0,"href":"https:\/\/www.terveilm.ee\/leht\/wp-json\/wp\/v2\/posts\/4184\/revisions"}],"wp:featuredmedia":[{"embeddable":true,"href":"https:\/\/www.terveilm.ee\/leht\/wp-json\/wp\/v2\/media\/4189"}],"wp:attachment":[{"href":"https:\/\/www.terveilm.ee\/leht\/wp-json\/wp\/v2\/media?parent=4184"}],"wp:term":[{"taxonomy":"category","embeddable":true,"href":"https:\/\/www.terveilm.ee\/leht\/wp-json\/wp\/v2\/categories?post=4184"},{"taxonomy":"post_tag","embeddable":true,"href":"https:\/\/www.terveilm.ee\/leht\/wp-json\/wp\/v2\/tags?post=4184"}],"curies":[{"name":"wp","href":"https:\/\/api.w.org\/{rel}","templated":true}]}}