{"id":4202,"date":"2013-09-09T11:25:54","date_gmt":"2013-09-09T08:25:54","guid":{"rendered":"http:\/\/www.terveilm.ee\/?p=4202"},"modified":"2015-10-02T07:55:34","modified_gmt":"2015-10-02T07:55:34","slug":"arengukoostoo-umarlaud-otsib-kommunikatsioonispetsilaisti","status":"publish","type":"post","link":"https:\/\/www.terveilm.ee\/leht\/blogi\/arengukoostoo-umarlaud-otsib-kommunikatsioonispetsilaisti\/","title":{"rendered":"Arengukoost\u00f6\u00f6 \u00dcmarlaud otsib kommunikatsioonijuhti"},"content":{"rendered":"<p>Arengukoost\u00f6\u00f6 \u00dcmarlaud otsib oma t\u00f6\u00f6kasse kollektiivi t\u00e4iendust ning alates novembrist 2013 v\u00f5tame t\u00f6\u00f6le ideedest pakatava kommunikatsioonispetsialisti, kelle peamiseks v\u00e4ljakutseks on arengukoost\u00f6\u00f6 temaatika tutvustamine laiemale avalikkusele.<\/p>\n<p><b>T\u00f6\u00f6\u00fclesanded kommunikatsioonijuhile:<\/b><\/p>\n<ul>\n<li>kommunikatsioonistrateegia koostamine ja selle elluviimise eest vastutamine;<\/li>\n<li>suhtlemine meedia ja koost\u00f6\u00f6partneritega;<\/li>\n<li>arengukoost\u00f6\u00f6 temaatika positiivse maine edendamine ja hoidmine;<\/li>\n<li>artiklite, pressiteadete ning infotekstide kirjutamine;<\/li>\n<li>meedia- ja koolitus\u00fcrituste v\u00e4lja t\u00f6\u00f6tamine ja ellu viimine;<\/li>\n<li>infoportaali \u00a0toimetamine ja turundamine;<\/li>\n<li>projektide teavitust\u00f6\u00f6 korraldamine, erilehe v\u00e4lja andmine;<\/li>\n<li>meediamonitooringu teostamine ja anal\u00fc\u00fcs.<\/li>\n<\/ul>\n<p><b>N\u00f5udmised kandidaadile:<\/b><\/p>\n<ul>\n<li>k\u00f5rgharidus, soovitatavalt kommunikatsiooni- v\u00f5i rahvusvaheliste suhete alal;<\/li>\n<li>hea eesti, inglise ja vene keele oskus, nii k\u00f5nes kui ka kirjas;<\/li>\n<li>arvuti kasutamise oskus ( MS Office, MS Excel, MS Word, PowerPoint);<\/li>\n<li>hea suhtlemis-ja esinemisoskus ning suur algatusv\u00f5ime;<\/li>\n<li>kohusetundlikkus, energilisus ja aktiivsus ning t\u00e4psus ja korrektsus;<\/li>\n<li>hea meeskonnam\u00e4ngija ning t\u00f6\u00f6kas ja motiveeritud;<\/li>\n<li>aja\/tegevuste planeerimise oskus ning v\u00f5ime neid t\u00e4htsusj\u00e4rjekorda asetada.<\/li>\n<\/ul>\n<p><b>Omalt poolt pakume:<\/b><\/p>\n<ul>\n<li>head t\u00f6\u00f6keskkonda vanalinnas;<\/li>\n<li>huvitavat, rahvusvahelist ja vaheldusrikast t\u00f6\u00f6d, arenemisv\u00f5imalusi;<\/li>\n<li>palk kokkuleppel.<\/li>\n<\/ul>\n<p><b>N\u00f5utud keeled:<\/b>\u00a0eesti, inglise, vene<\/p>\n<p><b>T\u00f6\u00f6aeg:<\/b>\u00a0T\u00e4ist\u00f6\u00f6aeg. T\u00f6\u00f6leping s\u00f5lmitakse kaheks aastaks.<\/p>\n<p><b>T\u00f6\u00f6le asumise aeg:<\/b>\u00a0november 2013<\/p>\n<p><b>Asukoht:<\/b>\u00a0Tallinn<\/p>\n<p>Saada oma CV ja motivatsioonikiri (maksimaalselt\u00a01 lk) m\u00e4rks\u00f5naga \u201ekommuniktasioonispetsialist\u201c \u00a0aadressile <a href=\"mailto:piret@terveilm.ee\">piret@terveilm.ee<\/a>\u00a0hiljemalt 11.10.2013.<\/p>\n","protected":false},"excerpt":{"rendered":"<p>Arengukoost\u00f6\u00f6 \u00dcmarlaud otsib oma t\u00f6\u00f6kasse kollektiivi t\u00e4iendust ning alates novembrist 2013 v\u00f5tame t\u00f6\u00f6le ideedest pakatava kommunikatsioonispetsialisti, kelle peamiseks v\u00e4ljakutseks on&#8230;<\/p>\n","protected":false},"author":6,"featured_media":4220,"comment_status":"open","ping_status":"open","sticky":false,"template":"","format":"standard","meta":{"_acf_changed":false,"footnotes":""},"categories":[7],"tags":[31],"class_list":["post-4202","post","type-post","status-publish","format-standard","has-post-thumbnail","hentry","category-uudised","tag-aku"],"acf":[],"_links":{"self":[{"href":"https:\/\/www.terveilm.ee\/leht\/wp-json\/wp\/v2\/posts\/4202","targetHints":{"allow":["GET"]}}],"collection":[{"href":"https:\/\/www.terveilm.ee\/leht\/wp-json\/wp\/v2\/posts"}],"about":[{"href":"https:\/\/www.terveilm.ee\/leht\/wp-json\/wp\/v2\/types\/post"}],"author":[{"embeddable":true,"href":"https:\/\/www.terveilm.ee\/leht\/wp-json\/wp\/v2\/users\/6"}],"replies":[{"embeddable":true,"href":"https:\/\/www.terveilm.ee\/leht\/wp-json\/wp\/v2\/comments?post=4202"}],"version-history":[{"count":1,"href":"https:\/\/www.terveilm.ee\/leht\/wp-json\/wp\/v2\/posts\/4202\/revisions"}],"predecessor-version":[{"id":6335,"href":"https:\/\/www.terveilm.ee\/leht\/wp-json\/wp\/v2\/posts\/4202\/revisions\/6335"}],"wp:featuredmedia":[{"embeddable":true,"href":"https:\/\/www.terveilm.ee\/leht\/wp-json\/wp\/v2\/media\/4220"}],"wp:attachment":[{"href":"https:\/\/www.terveilm.ee\/leht\/wp-json\/wp\/v2\/media?parent=4202"}],"wp:term":[{"taxonomy":"category","embeddable":true,"href":"https:\/\/www.terveilm.ee\/leht\/wp-json\/wp\/v2\/categories?post=4202"},{"taxonomy":"post_tag","embeddable":true,"href":"https:\/\/www.terveilm.ee\/leht\/wp-json\/wp\/v2\/tags?post=4202"}],"curies":[{"name":"wp","href":"https:\/\/api.w.org\/{rel}","templated":true}]}}