{"id":4297,"date":"2013-11-01T12:06:42","date_gmt":"2013-11-01T10:06:42","guid":{"rendered":"http:\/\/www.terveilm.ee\/?p=4297"},"modified":"2015-10-02T07:55:24","modified_gmt":"2015-10-02T07:55:24","slug":"aku-s-alustab-tood-kommunikatsioonijuht","status":"publish","type":"post","link":"https:\/\/www.terveilm.ee\/leht\/blogi\/aku-s-alustab-tood-kommunikatsioonijuht\/","title":{"rendered":"AK\u00dc-s alustab t\u00f6\u00f6d kommunikatsioonijuht"},"content":{"rendered":"<p><strong>Alates t\u00e4nasest asub Arengukoost\u00f6\u00f6 \u00dcmarlaua juures t\u00f6\u00f6le kommunikatsioonijuht, kelle \u00fclesanne on teadlikkuse t\u00f5stmine arengukoost\u00f6\u00f6 ja humanitaarabi teemadel. Kommunikatsioonijuhina asub t\u00f6\u00f6le Katrin P\u00e4rgm\u00e4e.<\/strong><\/p>\n<p>AK\u00dc tegevjuht Piret Hirve s\u00f5nul on Eesti viimase 15 aasta jooksul toetanud mitmeid meist vaesemaid riike. \u201eEelmisel aastal andis Eesti arengukoost\u00f6\u00f6ks 17,6 miljonit eurot, kuid Eurobaromeetri uuringu j\u00e4rgi ei tea 98% Eesti elanikest, mis on selle numbri taga. Kolm neljandikku eestlastest arvab, et on oluline aidata inimesi arengumaades, aga enamik ei tea, kuidas seda teha. See n\u00e4itab, et inimestel on soov arengukoost\u00f6\u00f6st rohkem teada, olla vastutustundlik kodanik ning teha \u00f5igeid valikuid. Kommunikatsioonijuhi abiga saame need teemad inimestele l\u00e4hemale tuua,\u201d s\u00f5nas Hirv.<\/p>\n<p>AK\u00dc kommunikatsioonijuht Katrin P\u00e4rgm\u00e4e s\u00f5nul k\u00fcsitakse arengukoost\u00f6\u00f6st r\u00e4\u00e4kides sageli, miks me aitame v\u00e4lisriike, kui Eestis on samuti palju abivajajaid. \u201cMure meie endi inimeste kohta on arusaadav ja see n\u00e4itab, et inimesed hoolivad. K\u00fcll aga on vaja t\u00f5sta teadlikkust sellest, et t\u00e4nap\u00e4eva avatud maailmas on meie endi otsestes huvides tagada inimv\u00e4\u00e4rne ja turvaline elu kogu maailmas. Arengukoost\u00f6\u00f6 pakub inimestele v\u00f5imaluse ise enda elu paremaks muuta. N\u00e4iteks on eestlased \u00f5petanud teisi riike kasutama targalt IT v\u00f5imalusi ja toetanud naiste ettev\u00f5tlust.\u201d<\/p>\n<p>Arengukoost\u00f6\u00f6 eesm\u00e4rk on saavutada pikaajalisi muudatusi ehk v\u00e4hendada vaesust ja toetada arengumaade majanduslikku ning sotsiaalset arengut pikema aja jooksul. Olulised v\u00e4\u00e4rtused selles t\u00f6\u00f6s on inim\u00f5iguste austamine, naiste ja laste olukorra parandamine, keskkonnahoid ning kodanike kaasamine.<\/p>\n<p>Arengukoost\u00f6\u00f6 \u00dcmarlaud on 22 organisatsiooni esindav v\u00f5rgustik ning kommunikatsioonijuht v\u00f5imendab k\u00f5igi liikmete teavitust\u00f6\u00f6d. T\u00f6\u00f6le asunud AK\u00dc kommunikatsioonijuht Katrin P\u00e4rgm\u00e4e on varem t\u00f6\u00f6tanud Sotsiaalministeeriumi pressiesindajana ja Riigi Infos\u00fcsteemi Ameti kommunikatsiooniosakonna juhatajana.<\/p>\n<p>&nbsp;<\/p>\n<p><em>Foto: <a href=\"http:\/\/www.video5.ee\/\" target=\"_blank\">Video5<\/a><\/em><\/p>\n","protected":false},"excerpt":{"rendered":"<p>Alates t\u00e4nasest asub Arengukoost\u00f6\u00f6 \u00dcmarlaua juures t\u00f6\u00f6le kommunikatsioonijuht, kelle \u00fclesanne on teadlikkuse t\u00f5stmine arengukoost\u00f6\u00f6 ja humanitaarabi teemadel. Kommunikatsioonijuhina asub t\u00f6\u00f6le&#8230;<\/p>\n","protected":false},"author":6,"featured_media":4299,"comment_status":"open","ping_status":"open","sticky":false,"template":"","format":"standard","meta":{"_acf_changed":false,"footnotes":""},"categories":[7],"tags":[31],"class_list":["post-4297","post","type-post","status-publish","format-standard","has-post-thumbnail","hentry","category-uudised","tag-aku"],"acf":[],"_links":{"self":[{"href":"https:\/\/www.terveilm.ee\/leht\/wp-json\/wp\/v2\/posts\/4297","targetHints":{"allow":["GET"]}}],"collection":[{"href":"https:\/\/www.terveilm.ee\/leht\/wp-json\/wp\/v2\/posts"}],"about":[{"href":"https:\/\/www.terveilm.ee\/leht\/wp-json\/wp\/v2\/types\/post"}],"author":[{"embeddable":true,"href":"https:\/\/www.terveilm.ee\/leht\/wp-json\/wp\/v2\/users\/6"}],"replies":[{"embeddable":true,"href":"https:\/\/www.terveilm.ee\/leht\/wp-json\/wp\/v2\/comments?post=4297"}],"version-history":[{"count":1,"href":"https:\/\/www.terveilm.ee\/leht\/wp-json\/wp\/v2\/posts\/4297\/revisions"}],"predecessor-version":[{"id":6333,"href":"https:\/\/www.terveilm.ee\/leht\/wp-json\/wp\/v2\/posts\/4297\/revisions\/6333"}],"wp:featuredmedia":[{"embeddable":true,"href":"https:\/\/www.terveilm.ee\/leht\/wp-json\/wp\/v2\/media\/4299"}],"wp:attachment":[{"href":"https:\/\/www.terveilm.ee\/leht\/wp-json\/wp\/v2\/media?parent=4297"}],"wp:term":[{"taxonomy":"category","embeddable":true,"href":"https:\/\/www.terveilm.ee\/leht\/wp-json\/wp\/v2\/categories?post=4297"},{"taxonomy":"post_tag","embeddable":true,"href":"https:\/\/www.terveilm.ee\/leht\/wp-json\/wp\/v2\/tags?post=4297"}],"curies":[{"name":"wp","href":"https:\/\/api.w.org\/{rel}","templated":true}]}}