{"id":4838,"date":"2014-02-07T13:22:57","date_gmt":"2014-02-07T11:22:57","guid":{"rendered":"http:\/\/www.terveilm.ee\/?p=4838"},"modified":"2015-10-02T07:51:41","modified_gmt":"2015-10-02T07:51:41","slug":"inimoiguste-instituut-astus-arengukoostoo-umarlaua-liikmeks","status":"publish","type":"post","link":"https:\/\/www.terveilm.ee\/leht\/blogi\/inimoiguste-instituut-astus-arengukoostoo-umarlaua-liikmeks\/","title":{"rendered":"Inim\u00f5iguste Instituut astus Arengukoost\u00f6\u00f6 \u00dcmarlaua liikmeks"},"content":{"rendered":"<p style=\"text-align: justify;\"><strong>Alates veebruarikuust astus Arengukoost\u00f6\u00f6 \u00dcmarlaua liikmeks Inim\u00f5iguste Instituut, mis on Eesti k\u00f5ige vanem inim\u00f5iguste kaitsega tegelev s\u00f5ltumatu organisatsioon.<\/strong><\/p>\n<p style=\"text-align: justify;\">&#8220;Oleme veendunud, et arengukoost\u00f6\u00f6 maailma erinevate piirkondade vahel olevate l\u00f5hede v\u00e4hendamiseks on t\u00f5hus meede inim\u00f5iguste rikkumiste \u00e4rahoidmiseks. Soovime osaleda oma n\u00f5u ja j\u00f5uga selles tegevuses. Lisaks traditsioonilistele tegevustele keskendume uutele inim\u00f5igustega seotud teemadele, nagu julgeolek, internetivabadus ja privaatsuskaitse, usuvabadus ning keele k\u00fcsimused,&#8221; s\u00f5nas Vootele Hansen, Inim\u00f5iguste Instituudi juhatuse esimees.<\/p>\n<p style=\"text-align: justify;\"><span style=\"line-height: 1.5em;\">AK\u00dc juhi Piret Hirve s\u00f5nul m\u00e4letavad veel paljud eestlased aegu, kui ka meie riigis olid inim\u00f5igustega lood v\u00e4ga halvasti. \u201cKunagi vajasime me ise tuge ja abi v\u00e4lisriikidelt. Mul on hea meel, et suudame enda keerulise mineviku p\u00f6\u00f6rata positiivseks ja n\u00fc\u00fcd aitame parandada teiste riikide inim\u00f5iguste olukorda,\u201d s\u00f5nas Hirv.<\/span><\/p>\n<p style=\"text-align: justify;\"><span style=\"line-height: 1.5em;\">Inim\u00f5iguste Instituut tegeleb inim\u00f5iguste uurimise ja edendamise ning inim\u00f5iguste-alase teadlikkuse t\u00f5stmisega Eestis ja maailmas. Samuti korraldab organisatsioon inim\u00f5iguste p\u00e4eval rahvusvahelist Inim\u00f5iguste Aastakonverentsi ja koostab n\u00e4itusi inim\u00f5igustega seonduvatel teemadel. Inim\u00f5iguste Instituut asutati 10. detsembril 1992. aastal, rahvusvahelisel inim\u00f5iguste p\u00e4eval. Instituudi asutamise algataja ja esimene patroon oli president Lennart Meri.<\/span><\/p>\n<p style=\"text-align: justify;\">Arengukoost\u00f6\u00f6 \u00dcmarlaud on avalikes huvides tegutsev 24 arengukoost\u00f6\u00f6 ja maailmahariduse valdkonna kodaniku\u00fchendust esindav organisatsioon. \u00dcmarlaua soov on kaasata Eesti avalikkust, organisatsioone ning riiki v\u00f5tma aktiivset rolli arengukoost\u00f6\u00f6s ja globaalses solidaarsuses. Samuti aitame kaasa \u00fclemaailmse vaesuse v\u00e4hendamisele ja inimarengu edendamisele.<\/p>\n<p><a href=\"http:\/\/www.terveilm.ee\/wp-content\/uploads\/2014\/02\/Inim\u00f5iguste-instituut.jpg\"><img loading=\"lazy\" decoding=\"async\" class=\"size-full wp-image-4839 aligncenter\" src=\"http:\/\/www.terveilm.ee\/wp-content\/uploads\/2014\/02\/Inim\u00f5iguste-instituut.jpg\" alt=\"Inim\u00f5iguste instituut\" width=\"666\" height=\"230\" srcset=\"https:\/\/www.terveilm.ee\/leht\/wp-content\/uploads\/2014\/02\/Inim\u00f5iguste-instituut.jpg 666w, https:\/\/www.terveilm.ee\/leht\/wp-content\/uploads\/2014\/02\/Inim\u00f5iguste-instituut-300x104.jpg 300w\" sizes=\"auto, (max-width: 666px) 100vw, 666px\" \/><\/a><\/p>\n<p style=\"text-align: justify;\"><em>Tunnusfoto: Inim\u00f5iguste Instituut<\/em><\/p>\n","protected":false},"excerpt":{"rendered":"<p>Alates veebruarikuust astus Arengukoost\u00f6\u00f6 \u00dcmarlaua liikmeks Inim\u00f5iguste Instituut, mis on Eesti k\u00f5ige vanem inim\u00f5iguste kaitsega tegelev s\u00f5ltumatu organisatsioon. &#8220;Oleme veendunud,&#8230;<\/p>\n","protected":false},"author":6,"featured_media":4839,"comment_status":"open","ping_status":"open","sticky":false,"template":"","format":"standard","meta":{"_acf_changed":false,"footnotes":""},"categories":[7],"tags":[31],"class_list":["post-4838","post","type-post","status-publish","format-standard","has-post-thumbnail","hentry","category-uudised","tag-aku"],"acf":[],"_links":{"self":[{"href":"https:\/\/www.terveilm.ee\/leht\/wp-json\/wp\/v2\/posts\/4838","targetHints":{"allow":["GET"]}}],"collection":[{"href":"https:\/\/www.terveilm.ee\/leht\/wp-json\/wp\/v2\/posts"}],"about":[{"href":"https:\/\/www.terveilm.ee\/leht\/wp-json\/wp\/v2\/types\/post"}],"author":[{"embeddable":true,"href":"https:\/\/www.terveilm.ee\/leht\/wp-json\/wp\/v2\/users\/6"}],"replies":[{"embeddable":true,"href":"https:\/\/www.terveilm.ee\/leht\/wp-json\/wp\/v2\/comments?post=4838"}],"version-history":[{"count":1,"href":"https:\/\/www.terveilm.ee\/leht\/wp-json\/wp\/v2\/posts\/4838\/revisions"}],"predecessor-version":[{"id":6329,"href":"https:\/\/www.terveilm.ee\/leht\/wp-json\/wp\/v2\/posts\/4838\/revisions\/6329"}],"wp:featuredmedia":[{"embeddable":true,"href":"https:\/\/www.terveilm.ee\/leht\/wp-json\/wp\/v2\/media\/4839"}],"wp:attachment":[{"href":"https:\/\/www.terveilm.ee\/leht\/wp-json\/wp\/v2\/media?parent=4838"}],"wp:term":[{"taxonomy":"category","embeddable":true,"href":"https:\/\/www.terveilm.ee\/leht\/wp-json\/wp\/v2\/categories?post=4838"},{"taxonomy":"post_tag","embeddable":true,"href":"https:\/\/www.terveilm.ee\/leht\/wp-json\/wp\/v2\/tags?post=4838"}],"curies":[{"name":"wp","href":"https:\/\/api.w.org\/{rel}","templated":true}]}}