{"id":4982,"date":"2014-04-19T09:04:34","date_gmt":"2014-04-19T06:04:34","guid":{"rendered":"http:\/\/www.terveilm.ee\/?p=4982"},"modified":"2014-04-19T09:04:34","modified_gmt":"2014-04-19T06:04:34","slug":"2015-on-euroopas-arengukoostoo-aasta","status":"publish","type":"post","link":"https:\/\/www.terveilm.ee\/leht\/blogi\/2015-on-euroopas-arengukoostoo-aasta\/","title":{"rendered":"2015 on Euroopas arengukoost\u00f6\u00f6 aasta"},"content":{"rendered":"<p style=\"text-align: justify;\"><strong>Sel n\u00e4dalal v\u00f5ttis Euroopa Komisjon vastu otsuse kuulutada 2015. aasta teemaks arengukoost\u00f6\u00f6. See on esimene kord, kui Euroopa teema-aasta p\u00fchendatakse Euroopa-v\u00e4lisele poliitikale.<\/strong><\/p>\n<p style=\"text-align: justify;\">Arengukoost\u00f6\u00f6 \u00dcmarlaua juht Piret Hirv:\u201cLoodame, et j\u00e4rgmine aasta t\u00f5stab nii inimeste kui poliitikute teadlikkust arengukoost\u00f6\u00f6 probleemidest. Kriiside ja abi vajavate inimeste arv kasvab maailmas pidevalt, \u00f5nneks n\u00e4evad vajadust arengukoost\u00f6\u00f6sse rohkem panustada nii tarbijad kui riik.\u201c<\/p>\n<p style=\"text-align: justify;\">Euroopa Komiskoni arenguvolinik Andris Piebalgs&#8217;i s\u00f5nul annab arenguaasta v\u00f5imaluse n\u00e4idata Euroopa Liidu p\u00fchendumust vaesuse v\u00e4hendamiseks kogu maailmas. \u201eTahame Euroopa inimestele n\u00e4idata, kuidas iga toetuseks saadud euro muudab maailma k\u00f5ige vaesemates riikides elavate inimeste elusid.\u201c<\/p>\n<p style=\"text-align: justify;\">\u201eArenguaastal soovime t\u00f5sta teadlikkust sellest, kuidas iga\u00fcks saab panustada k\u00f5ikidele maailma inimestele parema elu kujundamisse. Me oleme arengumaadega seotud rohkem, kui esmapilgul tundub \u2013 meie kohv tuleb L\u00f5una-Ameerikast, \u0161okolaad Aafrikast, riided Bangladeshist ja nutiseadmete tooraine Kongost. Kui tarbija soovib k\u00e4ituda vastutustundlikult, saab ta osta enda riided ja toidukaubad ettev\u00f5tetelt, kes on \u00f5iglased arengumaade tootjate vastu,\u201e lisas Hirv.<\/p>\n<p style=\"text-align: justify;\"><a href=\"http:\/\/www.terveilm.ee\/wp-content\/uploads\/2014\/04\/eyd2015.jpg\"><img loading=\"lazy\" decoding=\"async\" class=\"alignnone size-full wp-image-4983\" alt=\"eyd2015\" src=\"http:\/\/www.terveilm.ee\/wp-content\/uploads\/2014\/04\/eyd2015.jpg\" width=\"527\" height=\"90\" srcset=\"https:\/\/www.terveilm.ee\/leht\/wp-content\/uploads\/2014\/04\/eyd2015.jpg 527w, https:\/\/www.terveilm.ee\/leht\/wp-content\/uploads\/2014\/04\/eyd2015-300x51.jpg 300w\" sizes=\"auto, (max-width: 527px) 100vw, 527px\" \/><\/a><\/p>\n<p style=\"text-align: justify;\">Samas ootab Arengukoost\u00f6\u00f6 \u00dcmarlaud, et ka riigi panus arengukoost\u00f6\u00f6sse n\u00e4itaks selle teema olulisust. AK\u00dc saatis selle n\u00e4dala alguses valitsusele p\u00f6\u00f6rdumise, milles seisab, et Eesti riigieelarve m\u00f5jutab otseselt arengumaade inimesi. P\u00f6\u00f6rdumises toonitatakse, et valitsus on lubanud aastaks 2015 panustada arengukoost\u00f6\u00f6sse v\u00e4hemalt 0,17% RKP-st, kuid eelmisel aastal j\u00f5udsime alles 0,13%-ni. Arvamusk\u00fcsitluste kohaselt arvab kaks kolmandikku eestlastest, et oluline on aidata inimesi arengumaades ning AK\u00dc loodab, et j\u00e4rgmise aasta riigieelarvet koostades teeb valitsus senisest j\u00f5udsamaid samme selle ootuse t\u00e4itmiseks.<\/p>\n<p style=\"text-align: justify;\">Arengukoost\u00f6\u00f6 \u00dcmarlaud on avalikes huvides tegutsev 27 arengukoost\u00f6\u00f6 ja maailmahariduse valdkonna kodaniku\u00fchendust esindav organisatsioon. \u00dcmarlaua soov on kaasata Eesti avalikkust, organisatsioone ning riiki v\u00f5tma aktiivset rolli arengukoost\u00f6\u00f6s ja globaalses solidaarsuses. Samuti aitame kaasa \u00fclemaailmse vaesuse v\u00e4hendamisele ja inimarengu edendamisele.<\/p>\n<p style=\"text-align: justify;\">K\u00e4esolev aasta on Eurooopa t\u00f6\u00f6-ja pereelu \u00fchildamise aasta.<\/p>\n","protected":false},"excerpt":{"rendered":"<p>Sel n\u00e4dalal v\u00f5ttis Euroopa Komisjon vastu otsuse kuulutada 2015. aasta teemaks arengukoost\u00f6\u00f6. See on esimene kord, kui Euroopa teema-aasta p\u00fchendatakse&#8230;<\/p>\n","protected":false},"author":6,"featured_media":4983,"comment_status":"open","ping_status":"open","sticky":false,"template":"","format":"standard","meta":{"_acf_changed":false,"footnotes":""},"categories":[3],"tags":[35],"class_list":["post-4982","post","type-post","status-publish","format-standard","has-post-thumbnail","hentry","category-blogi","tag-arengukoostoo"],"acf":[],"_links":{"self":[{"href":"https:\/\/www.terveilm.ee\/leht\/wp-json\/wp\/v2\/posts\/4982","targetHints":{"allow":["GET"]}}],"collection":[{"href":"https:\/\/www.terveilm.ee\/leht\/wp-json\/wp\/v2\/posts"}],"about":[{"href":"https:\/\/www.terveilm.ee\/leht\/wp-json\/wp\/v2\/types\/post"}],"author":[{"embeddable":true,"href":"https:\/\/www.terveilm.ee\/leht\/wp-json\/wp\/v2\/users\/6"}],"replies":[{"embeddable":true,"href":"https:\/\/www.terveilm.ee\/leht\/wp-json\/wp\/v2\/comments?post=4982"}],"version-history":[{"count":0,"href":"https:\/\/www.terveilm.ee\/leht\/wp-json\/wp\/v2\/posts\/4982\/revisions"}],"wp:featuredmedia":[{"embeddable":true,"href":"https:\/\/www.terveilm.ee\/leht\/wp-json\/wp\/v2\/media\/4983"}],"wp:attachment":[{"href":"https:\/\/www.terveilm.ee\/leht\/wp-json\/wp\/v2\/media?parent=4982"}],"wp:term":[{"taxonomy":"category","embeddable":true,"href":"https:\/\/www.terveilm.ee\/leht\/wp-json\/wp\/v2\/categories?post=4982"},{"taxonomy":"post_tag","embeddable":true,"href":"https:\/\/www.terveilm.ee\/leht\/wp-json\/wp\/v2\/tags?post=4982"}],"curies":[{"name":"wp","href":"https:\/\/api.w.org\/{rel}","templated":true}]}}