{"id":5009,"date":"2014-04-29T10:48:35","date_gmt":"2014-04-29T07:48:35","guid":{"rendered":"http:\/\/www.terveilm.ee\/?p=5009"},"modified":"2014-04-29T10:48:35","modified_gmt":"2014-04-29T07:48:35","slug":"kodusojad-ei-tunne-riigipiire-kesk-aafrika-vabariik","status":"publish","type":"post","link":"https:\/\/www.terveilm.ee\/leht\/blogi\/kodusojad-ei-tunne-riigipiire-kesk-aafrika-vabariik\/","title":{"rendered":"Kodus\u00f5jad ei tunne riigipiire \u2013 Kesk-Aafrika Vabariik"},"content":{"rendered":"<p><strong>31. mail Vabaduse platsil toimuva Maailmap\u00e4eva eel toome teieni l\u00fchikesed \u00fclevaated kriisidest maailma eri paigus. R\u00e4\u00e4gime, miks kriis tekkis, millist abi oleks vaja ja kuidas on Eesti selle riigi inimesi aidanud.<\/strong><\/p>\n<p><strong>Riik<\/strong>: Kesk-Aafrika Vabariik<br \/>\n<strong>Pealinn<\/strong>:\u00a0Bangui<br \/>\n<strong>Rahvaarv<\/strong>:\u00a05,3 miljonit<br \/>\n<strong>Inimeste eeldatav eluiga<\/strong>:\u00a051 aastat<br \/>\n<strong>Alla-5-aastaseid alakaalulisi lapsi<\/strong>:\u00a028%<br \/>\n<strong>Lapst\u00f6\u00f6j\u00f5ud (5-14a)<\/strong>:\u00a047%<\/p>\n<p><strong>Miks kriis tekkis?<\/strong><\/p>\n<p>Endine Prantsusmaa koloonia Kesk-Aafrika Vabariik saavutas iseseisvuse 1960. aastal ja on alates sellest ajast peale olnud poliitiliselt ebastabiilne. Kui m\u00f5ned aastad tagasi tundus, et olukord paraneb, siis k\u00f5ik p\u00f6\u00f6rdus 2013. aastal, kui m\u00e4ssulised k\u00f5rvaldasid ametist president\u00a0Francois Bozize. V\u00f5imuvahetusele j\u00e4rgnes julm etniline ja religioosne s\u00f5da kristlaste ja moslemite vahel, mis ei ole t\u00e4naseni lahtunud. \u00dcRO on KAV-i nimetanud l\u00e4bikukkunud riigiks.<\/p>\n<p>Kesk-Aafrika Vabariigi minevikust ja olevikust on\u00a0<a href=\"http:\/\/arvamus.postimees.ee\/2667412\/tiina-jokinen-kesk-aafrika-onnetu-onnistus\">Postimehes<\/a> kirjutanud\u00a0Tiina Jokinen.<\/p>\n<p><strong>Mis on suurimad probleemid?<\/strong><\/p>\n<ul>\n<li><strong>Sisep\u00f5genikud<\/strong>\u00a0\u2013 644 000 inimest on pidanud oma kodu maha j\u00e4tma ja see arv kasvab kiiresti.<\/li>\n<li><strong>Pagulased\u00a0<\/strong>\u2013 340 000 inimest on pagenud naaberriikidesse. N\u00e4iteks j\u00f5uab iga p\u00e4ev Kameruni 10 000 n\u00f5rga tervise v\u00f5i s\u00f5javigastustega p\u00f5genikku.<\/li>\n<li><strong>Toidupuudus\u00a0<\/strong>\u2013 90% inimestest saab s\u00fc\u00fca vaid \u00fche korra p\u00e4evas. 1,6 miljonit inimest vajab kohest toiduabi, rohkem kui 100 000 last kannatavad alatoitumuse k\u00e4es.<\/li>\n<li><strong>Puhas joogivesi ja sanitaartingimused<\/strong>\u00a0\u2013 900 000 inimesed ei ole puhast vett ja nende tervis on ohus (koolera jm. haigused) ebah\u00fcgieeniliste tingimuste t\u00f5ttu.<\/li>\n<li><strong>Lapss\u00f5durid<\/strong>\u00a0\u2013 v\u00f5itlevad pooled on v\u00e4rvanud palju lapss\u00f5dureid, keda nad ei taha vabastada.<\/li>\n<li><strong>Turvalisus<\/strong>\u00a0\u2013 m\u00e4ssuliste s\u00f5jalise tegevuse t\u00f5ttu on pea k\u00f5ik riigi elanikud ohustatud. \u00dcRO peasekret\u00e4r on hoiatanud, et halvimal juhul v\u00f5ib korduda Rwanda genotsiidi stsenaarium.<\/li>\n<\/ul>\n<p lang=\"et-EE\" style=\"text-align: justify;\"><span style=\"color: #000000;\"><a style=\"color: #ed4700 !important;\" href=\"http:\/\/www.xn--maailmapev-x5a.ee\/wp-content\/uploads\/2014\/04\/8280790421_f45a81d273_b.jpg\"><span style=\"color: #000000;\"><br \/>\n<img loading=\"lazy\" decoding=\"async\" class=\"wp-image-652 aligncenter\" src=\"http:\/\/www.xn--maailmapev-x5a.ee\/wp-content\/uploads\/2014\/04\/8280790421_f45a81d273_b.jpg\" alt=\"8280790421_f45a81d273_b\" width=\"491\" height=\"434\" \/><\/span><\/a><\/span><\/p>\n<p style=\"text-align: center;\"><em>\u00a0\u00dcRO\u00a0peasekret\u00e4ri eriesindaja\u00a0Zainab Hawa Bangura\u00a0 kohtumas v\u00e4givalla ohvritega.\u00a0<\/em><\/p>\n<p><strong>Millist abi ja kui palju on vaja?<\/strong><\/p>\n<p>Tegelik abivajadus on $551 miljonit, kuid k\u00f5igest 28% sellest on doonorite annetatud. K\u00f5ige v\u00e4hem on raha esmaseks \u00fclesehitust\u00f6\u00f6ks, haridusele, toiduga varustamiseks ja varjupaikade rajamiseks. <a href=\"http:\/\/www.unocha.org\/crisis\/central-african-republic\" target=\"_blank\">Vaata graafikut\u00a0siit<\/a>.<\/p>\n<p><strong>Kui palju on Eesti humanitaarabi andnud?<\/strong><\/p>\n<p>V\u00e4lisministeeriumi kaudu on eestlased aastatel 2013-2014 annetanud kokku 230 00 eurot:<\/p>\n<ul>\n<li>80 000 eurot \u00dcRO Lastefondi (UNICEF) projektile , mis parandab konfliktipiirkondade laste juurdep\u00e4\u00e4su haridusele ning p\u00f6\u00f6rab t\u00e4helepanu ka soolisele v\u00f5rdsusele.<\/li>\n<li>50 000 eurot \u00dcRO Lastefondile kaitsmaks naisi ja lapsi soolise v\u00e4givalla eest.<\/li>\n<li>50 000 eurot Rahvusvahelise Punase Risti Komiteele, toetades eelk\u00f5ige v\u00e4givalla all kannatavaid naisi ja lapsi.<\/li>\n<li>50 000 eurot \u00dcRO pagulaste \u00fclemvoliniku ametile (UNHCR) toetamaks eelk\u00f5ige v\u00e4givalla all kannatavaid naisi ja lapsi.<\/li>\n<\/ul>\n<p><strong>Maailmap\u00e4ev 31. mail Vabaduse v\u00e4ljakul<\/strong><\/p>\n<p>Maailmap\u00e4ev on kogu pere p\u00e4ev: suurel laval kontsert, lastele pakume meelelahutust ja huvitavaid m\u00e4nge, vanematele m\u00f5tteainet ja lugusid inimv\u00e4\u00e4rsest elust terves ilmas. Huvilised saavad ammutada infot ja inspiratsiooni, miks ja kuidas anda oma aega, ideid ja teadmisi inimv\u00e4\u00e4rse elu heaks terves ilmas.<\/p>\n<p>Tule sinagi Maailmap\u00e4evale ja uuri, kuidas saaksid maailma h\u00e4das olevaid inimesi aidata ning mida on maailmal sulle vastu pakkuda!<\/p>\n<p>Fotodel:\u00a0\u00a0\u00dcRO\u00a0peasekret\u00e4ri eriesindaja seksuaalv\u00e4givalla teemadel,\u00a0Zainab Hawa Bangura,\u00a0Kesk-Aafrika Vabariigis.<br \/>\nAllikad:\u00a0<a href=\"https:\/\/www.cia.gov\/library\/publications\/the-world-factbook\/geos\/ct.html\">CIA Factbook<\/a>\u00a0,\u00a0<a href=\"http:\/\/reliefweb.int\/country\/caf\">Reliefweb<\/a>,\u00a0<a href=\"http:\/\/foodsecuritycluster.net\/document\/special-report-faowfp-markets-and-food-security-assessment-mission-central-african-republic\">Food Security Cluster<\/a>,\u00a0<a href=\"https:\/\/rakendused.vm.ee\/akta\/andmed.php\">V\u00e4lisministeerium<\/a><\/p>\n","protected":false},"excerpt":{"rendered":"<p>31. mail Vabaduse platsil toimuva Maailmap\u00e4eva eel toome teieni l\u00fchikesed \u00fclevaated kriisidest maailma eri paigus. R\u00e4\u00e4gime, miks kriis tekkis, millist&#8230;<\/p>\n","protected":false},"author":6,"featured_media":5010,"comment_status":"open","ping_status":"open","sticky":false,"template":"","format":"standard","meta":{"_acf_changed":false,"footnotes":""},"categories":[3],"tags":[35,23],"class_list":["post-5009","post","type-post","status-publish","format-standard","has-post-thumbnail","hentry","category-blogi","tag-arengukoostoo","tag-inimoigused"],"acf":[],"_links":{"self":[{"href":"https:\/\/www.terveilm.ee\/leht\/wp-json\/wp\/v2\/posts\/5009","targetHints":{"allow":["GET"]}}],"collection":[{"href":"https:\/\/www.terveilm.ee\/leht\/wp-json\/wp\/v2\/posts"}],"about":[{"href":"https:\/\/www.terveilm.ee\/leht\/wp-json\/wp\/v2\/types\/post"}],"author":[{"embeddable":true,"href":"https:\/\/www.terveilm.ee\/leht\/wp-json\/wp\/v2\/users\/6"}],"replies":[{"embeddable":true,"href":"https:\/\/www.terveilm.ee\/leht\/wp-json\/wp\/v2\/comments?post=5009"}],"version-history":[{"count":0,"href":"https:\/\/www.terveilm.ee\/leht\/wp-json\/wp\/v2\/posts\/5009\/revisions"}],"wp:featuredmedia":[{"embeddable":true,"href":"https:\/\/www.terveilm.ee\/leht\/wp-json\/wp\/v2\/media\/5010"}],"wp:attachment":[{"href":"https:\/\/www.terveilm.ee\/leht\/wp-json\/wp\/v2\/media?parent=5009"}],"wp:term":[{"taxonomy":"category","embeddable":true,"href":"https:\/\/www.terveilm.ee\/leht\/wp-json\/wp\/v2\/categories?post=5009"},{"taxonomy":"post_tag","embeddable":true,"href":"https:\/\/www.terveilm.ee\/leht\/wp-json\/wp\/v2\/tags?post=5009"}],"curies":[{"name":"wp","href":"https:\/\/api.w.org\/{rel}","templated":true}]}}