{"id":5044,"date":"2014-06-28T08:25:00","date_gmt":"2014-06-28T05:25:00","guid":{"rendered":"http:\/\/www.terveilm.ee\/?p=5044"},"modified":"2014-06-28T08:25:00","modified_gmt":"2014-06-28T05:25:00","slug":"glenid-asuvad-teele","status":"publish","type":"post","link":"https:\/\/www.terveilm.ee\/leht\/blogi\/glenid-asuvad-teele\/","title":{"rendered":"GLENid asuvad teele"},"content":{"rendered":"<p style=\"text-align: justify;\"><strong>Tuleval n\u00e4dalal lendab Eestist \u00e4ra esimene vabatahtlik k\u00fcmnest, kes l\u00e4hevad suve jooksul erinevatesse arenguriikidesse sealsetes\u00a0projektides kaasa l\u00f6\u00f6ma, kohalikelt kogukondadelt \u00f5ppima ja hiljem jagavad enda kogemusi Eestis.<\/strong><\/p>\n<p style=\"text-align: justify;\">Arengukoost\u00f6\u00f6 \u00dcmarlaua juht Piret Hirve s\u00f5nul on Eesti astunud nende riikide hulka, kes ei saa l\u00e4bi ilma arengumaades toodetud kaupadeta.\u00a0\u201eMe ei taha sellele m\u00f5elda, kuid iga eestimaalane tarbib iga p\u00e4ev toitu, riideid v\u00f5i tehnikat, mis on tehtud Aasia, Aafrika v\u00f5i L\u00f5una-Ameerika vaesemates riikides. Lisaks GLEN \u00a0programmis osalemisele n\u00e4evad noored vabatahtlikud, kui tihedalt oleme arengumaadega seotud ja koju naastes jagavad nad seda teadmist ka teistega\u201c, lisas Hirv.<\/p>\n<p style=\"text-align: justify;\">Piret Hirve s\u00f5nul on GLEN vabatahtlikud sel aastal mitmes m\u00f5ttes erilised. \u201eEsiteks ei ole iial l\u00e4inud Eestist nii palju vabatahtlikke lausa k\u00fcmme noort inimest. Teiseks ei ole varem juhtunud, et m\u00f5lemasse naisettev\u00f5tluse arendamise projekti l\u00e4hevad vabatahtlikuks mehed.\u201c<\/p>\n<p style=\"text-align: justify;\">2014 konkurss oli erakordselt populaarne, \u00fchele kohale kandideeris keskmiselt k\u00fcmme noort. Sel aastal osalevad GLEN projektis j\u00e4rgmised vabatahtlikud.\u00a0Soovime neile kogemusterohket praktikat ja r\u00f5\u00f5msat kojuj\u00f5udmist!<\/p>\n<h3 style=\"text-align: justify;\">Kamerun &#8211; vees\u00fcsteemide loomine ja kohalike algatuste sidumine<\/h3>\n<p style=\"text-align: justify;\"><a href=\"http:\/\/www.terveilm.ee\/leht\/wp-content\/uploads\/2014\/06\/arno.jpg\"><img loading=\"lazy\" decoding=\"async\" class=\"alignleft  wp-image-5045\" src=\"http:\/\/www.terveilm.ee\/leht\/wp-content\/uploads\/2014\/06\/arno-224x300.jpg\" alt=\"arno\" width=\"116\" height=\"155\" \/><\/a><\/p>\n<p style=\"text-align: justify;\"><strong>Arno Lauk<\/strong><\/p>\n<p style=\"text-align: justify;\">&#8220;Osalemine GLEN-ts\u00fcklis pakub suurep\u00e4rase v\u00f5imaluse saada esmane tugevalt praktilise suunitlusega kogemus arengukoost\u00f6\u00f6s ning m\u00f5ista paremini valdkonnas tegutsevate organisatsioonide toimimist. Loodan \u00f5igustada oma kohalolu Kamerunis aktiivse t\u00f6\u00f6ga praktikaorganisatsiooni juures ning p\u00fc\u00fcda naastes nende n\u00e4gemusi, ootusi ja kogemusi Eestis vahendada.&#8221;<\/p>\n<h3 style=\"text-align: justify;\"><\/h3>\n<h3 style=\"text-align: justify;\"><\/h3>\n<h3 style=\"text-align: justify;\">K\u00f5rg\u00f5zstan &#8211; noorsoot\u00f6\u00f6 maapiirkondades<\/h3>\n<p style=\"text-align: justify;\"><strong><a href=\"http:\/\/www.terveilm.ee\/leht\/wp-content\/uploads\/2014\/06\/k-m-Ploom.jpg\"><img loading=\"lazy\" decoding=\"async\" class=\"alignleft  wp-image-5046\" src=\"http:\/\/www.terveilm.ee\/leht\/wp-content\/uploads\/2014\/06\/k-m-Ploom-224x300.jpg\" alt=\"k-m Ploom\" width=\"116\" height=\"155\" \/><\/a>Kristiina-Maria Ploom<\/strong><\/p>\n<p style=\"text-align: justify;\">&#8220;Loodan, et selle perioodi jooksul avaneb v\u00f5imalus tundma \u00f5ppida kohalikku kultuuri ning kogetu-n\u00e4htu tuua hiljem ka eestlastele l\u00e4hemale. Ootan huviga, millega ja kuidas minu praegust maailmapilti ja veendumusi raputatakse ning rikastatakse. Loodan iseennast paremini tundma \u00f5ppida keskkonnas, mis on uus ja v\u00f5\u00f5ras. Ma ei l\u00e4he K\u00f5rg\u00f5zstani m\u00f5ttega, et hakkan n\u00fc\u00fcd maailma parandama, sest selline idee tundub mulle juba eos teostamatu. Kuna minu projekt on noorsoot\u00f6\u00f6 sisuga, siis eelk\u00f5ige loodan, et leiame noortega \u00fchise keele selles, mida koos hakkame tegema.&#8221;<\/p>\n<h3 style=\"text-align: justify;\"><\/h3>\n<h3 style=\"text-align: justify;\">India &#8211; noorte t\u00f6\u00f6h\u00f5ive edendamine<\/h3>\n<p style=\"text-align: justify;\"><strong><a href=\"http:\/\/www.terveilm.ee\/leht\/wp-content\/uploads\/2014\/06\/monika_lust_photo.jpg\"><img loading=\"lazy\" decoding=\"async\" class=\"alignleft  wp-image-5047\" src=\"http:\/\/www.terveilm.ee\/leht\/wp-content\/uploads\/2014\/06\/monika_lust_photo-225x300.jpg\" alt=\"monika_lust_photo\" width=\"116\" height=\"155\" \/><\/a>Monika Lust<\/strong><\/p>\n<p style=\"text-align: justify;\">&#8220;Ma ei olegi p\u00e4ris kindel, mis mu ootused olid kui ma esimest korda GLENi projektist kuulsin. Kindlasti tulenes esialgne huvi pigem isiklikest kaalutlustest ja soovist reisida. Minu jaoks on reisimine alati olnud parimaks viisiks \u00f5ppida nii ennast kui maailma tundma. Eriti juhul kui valida reisimisviisid, mis sunnivad mind mugavustsoonist v\u00e4lja astuma. L\u00e4hen 3 kuuks t\u00f6\u00f6le ETASHA nimelisse organisatsiooni Delhis, Indias. P\u00f5him\u00f5tteliselt on see t\u00f6\u00f6 nagu iga teine, ainult asukoht on Indias. Muidugi loodan, et \u00f5pin selle t\u00f6\u00f6 k\u00e4igus palju ning, et minu panus aitab kaasa organisatsiooni t\u00f6\u00f6 edendamisele. Samuti ootan, et praktika kogemus tuleb kasuks maailmahariduse teemaliste projektide l\u00e4biviimisel Eestis. ETASHA tugineb suurel m\u00e4\u00e4ral vabatahtlike t\u00f6\u00f6le ning enamik t\u00f6\u00f6st \u00fcritatakse \u00e4ra teha minimaalsete kulutustega. Ootan p\u00f5nevusega, et saan koos t\u00f6\u00f6tada noorte ja andekate inimestega nii Indiast kui v\u00e4ljastpoolt.&#8221;<\/p>\n<h3 style=\"text-align: justify;\"><\/h3>\n<h3 style=\"text-align: justify;\">Malawi &#8211; naisettev\u00f5tluse arendamine<\/h3>\n<p style=\"text-align: justify;\"><strong><a href=\"http:\/\/www.terveilm.ee\/leht\/wp-content\/uploads\/2014\/06\/marek3.jpg\"><img loading=\"lazy\" decoding=\"async\" class=\"alignleft  wp-image-5048\" src=\"http:\/\/www.terveilm.ee\/leht\/wp-content\/uploads\/2014\/06\/marek3-224x300.jpg\" alt=\"marek3\" width=\"116\" height=\"155\" \/><\/a>Marek Merisalu<\/strong><\/p>\n<p style=\"text-align: justify;\">&#8220;Mul on mingid ideed, mida v\u00f5imaluse korral tahaksin ellu viia, aga l\u00f5ppude l\u00f5puks ka siin Eestis ei l\u00e4he k\u00f5ik alati plaanip\u00e4raselt, r\u00e4\u00e4kimata Aafrikast, kus v-olla inimeste aja ja maailma tunnetus on palju erinev.<br \/>\nM\u00f5nes m\u00f5ttes ei j\u00e4\u00e4 mul muud \u00fcle, pean usaldama seda, et l\u00e4hen \u00f5igesse kohta \u00f5igel ajal ning juhtub k\u00f5ik see mis juhtuma peab. Ootused v\u00f5ivad muuta inimese liiga j\u00e4igaks ja kui ootused ei vasta tegelikkusele, siis sellele j\u00e4rgneb pettumus. Kindlasti ma tahan midagi \u00e4ra teha, midagi anda, vahetada \u00f5petusi, istutada seemneid, milledest sirguks kunagi midagi suurt. \u00dcks on kindel, mul on palju selllest projektist kogeda ja usun, et saan \u00f5pitud ka teistele edasi anda.&#8221;<\/p>\n<h3 style=\"text-align: justify;\"><\/h3>\n<h3 style=\"text-align: justify;\">Tad\u017eikistan &#8211; turismi arendamine Zeravshani orus<\/h3>\n<p style=\"text-align: justify;\"><strong><a href=\"http:\/\/www.terveilm.ee\/leht\/wp-content\/uploads\/2014\/06\/Katarina-Sokk.jpg\"><img loading=\"lazy\" decoding=\"async\" class=\"alignleft  wp-image-5049\" src=\"http:\/\/www.terveilm.ee\/leht\/wp-content\/uploads\/2014\/06\/Katarina-Sokk-224x300.jpg\" alt=\"Katarina Sokk\" width=\"116\" height=\"155\" \/><\/a>Katrina Sokk<\/strong><\/p>\n<p style=\"text-align: justify;\">&#8220;Isiklikus plaanis ootan GLENiks olemisest mingit elamust, mida pole praegu veel v\u00f5imalik ette teada. Seiklust selle s\u00f5na k\u00f5ige paremas t\u00e4henduses. Kogemust, mis avardab meeli nii inimeste, kultuuri kui iseenda suhtes. Just need on hetked ja m\u00f5tted, mida on v\u00f5imalik hiljem edasi jagada.<\/p>\n<p style=\"text-align: justify;\">Professionaalselt loodan, et mul \u00f5nnestub Tajikistanis kogukondliku turismi edendamisse ka enda v\u00e4ike panus anda ning veidi inspiratsiooni tagasi Eestisse tuua. Senise suhtluse p\u00f5hjal kohaliku organisatsiooniga tundub, et tuleb nii p\u00f5nev kui ka kasulik kogemus. Ja vene keele oskuselt on tolm juba p\u00fchitud. Tagasitulles loodan, et olen keeleoskuse sellisele tasemele lihvinud, et suudan ka vene koolidesse enda m\u00f5tteid jagama minna.&#8221;<\/p>\n<h3 style=\"text-align: justify;\"><\/h3>\n<h3 style=\"text-align: justify;\">Aserbaid\u017eaan &#8211; sotsio-majanduslike poliitikate arengu uurimine<\/h3>\n<h3 style=\"text-align: justify;\"><a href=\"http:\/\/www.terveilm.ee\/leht\/wp-content\/uploads\/2014\/06\/merlepilt.jpg\"><img loading=\"lazy\" decoding=\"async\" class=\"alignleft  wp-image-5050\" src=\"http:\/\/www.terveilm.ee\/leht\/wp-content\/uploads\/2014\/06\/merlepilt-224x300.jpg\" alt=\"merlepilt\" width=\"116\" height=\"155\" \/><\/a>Merle Lust<\/h3>\n<p style=\"text-align: justify;\">&#8220;Minu jaoks on GLEN-i puhul oluline, et see erineb paljudest teistest vabatahtliku t\u00f6\u00f6 programmidest enda r\u00f5huasetuste poolest. Kuigi ajaliselt on programmi k\u00f5ige pikem ning ilmselt ka k\u00f5ige p\u00f5nevam osa praktika v\u00e4lisriigis, siis GLEN-i vabatahtlikuna n\u00e4en endal suuremat panust omandatud kogemuste Eestisse tagasi toomisel ning mitmek\u00fclgsema pildi loomisest elust n\u00f6. arengumaades. Ma arvan, et GLENiks olemine n\u00f5uab paljuski kriitilise meele omamist \u00fchiskonnas levinud stereot\u00fc\u00fcpide, enda suhtumiste, vabatahtliku ja arengukoost\u00f6\u00f6 v\u00f5imalike v\u00e4ljundite ning L\u00e4\u00e4ne riikide globaalsete m\u00f5jude suhtes. Need on kindlasti aspektid, mida ma loodan puudutada praktikale j\u00e4rgneva maailmahariduse projektide l\u00e4biviimisel. Praktika ja elu Aserbaid\u017eaanis on minu jaoks seega peamiselt \u00f5ppimiskogemus ja s\u00fcgavam pilguheit maailma, millega ma olen seni koduses Eestis kokku puutunud siinse aseri kogukonna k\u00fclalislahkuse n\u00e4ol.&#8221;<\/p>\n<h3 style=\"text-align: justify;\"><\/h3>\n<h3 style=\"text-align: justify;\">Keenia &#8211; HIV\/AIDS ennetust\u00f6\u00f6<\/h3>\n<p style=\"text-align: justify;\"><strong><a href=\"http:\/\/www.terveilm.ee\/leht\/wp-content\/uploads\/2014\/06\/Katre-Helena-K2ppa.jpg\"><img loading=\"lazy\" decoding=\"async\" class=\"alignleft  wp-image-5051\" src=\"http:\/\/www.terveilm.ee\/leht\/wp-content\/uploads\/2014\/06\/Katre-Helena-K2ppa-224x300.jpg\" alt=\"Katre-Helena K2ppa\" width=\"116\" height=\"155\" \/><\/a>Katre- Helena K\u00e4ppa<\/strong><\/p>\n<p style=\"text-align: justify;\">&#8220;Raske on oma ootusi kirja panna, kuna ma lihtsalt ei tea, mida oodata. Olen arvamusel, et \u00fcksk\u00f5ik kuidas ma GLENi praktikat ette ei kujutaks, reaalsus tuleb hoopis teine ja seda ei olegi v\u00f5imalik ette aimata. See mida ma algselt ootasin, v\u00f5ib muutuda juba esimeste p\u00e4evade jooksul, kuna sealne kultuuriruum on niiv\u00f5rd erinev harjumusp\u00e4rasest. Ehk v\u00f5ib kokkuv\u00f5tteks \u00f6elda, et ootan kultuuri\u0161okki:)&#8221;<\/p>\n<h3 style=\"text-align: justify;\"><\/h3>\n<h3 style=\"text-align: justify;\"><\/h3>\n<h3 style=\"text-align: justify;\">Kamerun &#8211; keskkonnaklubid Buea lastekodudes<\/h3>\n<p style=\"text-align: justify;\"><strong><a href=\"http:\/\/www.terveilm.ee\/leht\/wp-content\/uploads\/2014\/06\/johannes1.jpg\"><img loading=\"lazy\" decoding=\"async\" class=\"alignleft  wp-image-5052\" src=\"http:\/\/www.terveilm.ee\/leht\/wp-content\/uploads\/2014\/06\/johannes1.jpg\" alt=\"johannes1\" width=\"116\" height=\"155\" \/><\/a>Johannes Sats<\/strong><\/p>\n<p style=\"text-align: justify;\">&#8220;GLEN programmist osav\u00f5tmine v\u00f5iks anda m\u00f5ningast v\u00e4rskust muidu tiba \u00fcksluisesse r\u00fctmi loksunud ellu. V\u00e4heke kogemusi ja teadmisi, kuidas mujal asju tehakse ning elu elatakse, ei tee ka paha.&#8221;<\/p>\n<h3 style=\"text-align: justify;\"><span style=\"color: #ffffff;\">&#8220;GLEN programmist osav\u00f5tmine v\u00f5iks anda m\u00f5ningast v\u00e4rskust muidu tiba \u00fcksluisesse r\u00fctmi loksunud ellu. V\u00e4heke kogemusi ja teadmisi, kuidas mujal asju tehakse ning elu elatakse, ei tee ka paha.&#8221;<\/span><\/h3>\n<h3 style=\"text-align: justify;\">Birma\/Myanmar &#8211; kogukondlik haridus noortele<\/h3>\n<p style=\"text-align: justify;\"><strong><a href=\"http:\/\/www.terveilm.ee\/leht\/wp-content\/uploads\/2014\/06\/Maksim.jpg\"><img loading=\"lazy\" decoding=\"async\" class=\"alignleft  wp-image-5053\" src=\"http:\/\/www.terveilm.ee\/leht\/wp-content\/uploads\/2014\/06\/Maksim-224x300.jpg\" alt=\"Maksim\" width=\"116\" height=\"155\" \/><\/a>Maksim Galanin<\/strong><\/p>\n<p style=\"text-align: justify;\">&#8220;GLEN projektis osalemine saab olema unikaalne kogemus ja ma ootan, et see annab mulle proovida ennast absoluutselt uues alas ja muudab minu elu.&#8221;<\/p>\n<p style=\"text-align: justify;\"><span style=\"color: #ffffff;\"><strong>Maksim Galanin<\/strong><\/span><\/p>\n<p style=\"text-align: justify;\"><span style=\"color: #ffffff;\">&#8220;GLEN projektis osalemine saab olema unikaalne kogemus ja ma ootan, et see annab mulle proovida ennast absoluutselt uues alas ja muudab minu elu.&#8221;<\/span><\/p>\n<h3 style=\"text-align: justify;\"><\/h3>\n<h3 style=\"text-align: justify;\">Etioopia &#8211; naisettev\u00f5tluse arendamine<\/h3>\n<p style=\"text-align: justify;\"><strong><a href=\"http:\/\/www.terveilm.ee\/leht\/wp-content\/uploads\/2014\/06\/Taavet.jpg\"><img loading=\"lazy\" decoding=\"async\" class=\"alignleft  wp-image-5054\" src=\"http:\/\/www.terveilm.ee\/leht\/wp-content\/uploads\/2014\/06\/Taavet.jpg\" alt=\"Taavet\" width=\"116\" height=\"141\" \/><\/a>Taavet Tomberg<\/strong><\/p>\n<p style=\"text-align: justify;\">&#8220;Ootan eelk\u00f5ige v\u00f5imalust ise areneda ja saada hea praktika kogemus. Loomulikult ei j\u00f5ua \u00e4ra oodata ka kohaliku eluolu ja uute huvitavate inimestega tutvumist. Olen kindel, et tuleb v\u00e4ga seiklusterohke aeg.&#8221;<\/p>\n<p><span style=\"color: #ffffff;\">&#8220;Ootan eelk\u00f5ige v\u00f5imalust ise areneda ja saada hea praktika kogemus. Loomulikult ei j\u00f5ua \u00e4ra oodata ka kohaliku eluolu ja uute huvitavate inimestega tutvumist. Olen kindel, et tuleb v\u00e4ga seiklusterohke aeg.&#8221;<\/span><\/p>\n<p>&nbsp;<\/p>\n<p style=\"text-align: justify;\">GLEN Eesti on osa \u00fcleeuroopalisest GLEN v\u00f5rgustikust. Projekti eesm\u00e4rk on t\u00f5sta noorte teadlikkust arenguprobleemidest vaesemates riikides ning toetada noorte aktiivset osalemist s\u00e4\u00e4stliku ja solidaarse m\u00f5tteviisi edendamisel. Maailmahariduslik koolitus- ja praktikaprogramm h\u00f5lmab ettevalmistuskoolitust, kolmekuulist t\u00f6\u00f6d m\u00f5nes Aafrika, Aasia v\u00f5i Ida-Euroopa riigis ning teavitust\u00f6\u00f6d ja maailmahariduse edendamist kodumaal.<\/p>\n<p>Projekti koordineerib Eestis Arengukoost\u00f6\u00f6 \u00dcmarlaud ja rahastab V\u00e4lisministeerium. Lisainfo GLEN vabatahtlike kohta leiad aadressilt <a href=\"http:\/\/www.terveilm.ee\/glen\">www.terveilm.ee\/glen<\/a><\/p>\n","protected":false},"excerpt":{"rendered":"<p>Tuleval n\u00e4dalal lendab Eestist \u00e4ra esimene vabatahtlik k\u00fcmnest, kes l\u00e4hevad suve jooksul erinevatesse arenguriikidesse sealsetes\u00a0projektides kaasa l\u00f6\u00f6ma, kohalikelt kogukondadelt \u00f5ppima&#8230;<\/p>\n","protected":false},"author":6,"featured_media":5069,"comment_status":"open","ping_status":"open","sticky":false,"template":"","format":"standard","meta":{"_acf_changed":false,"footnotes":""},"categories":[3],"tags":[35,27],"class_list":["post-5044","post","type-post","status-publish","format-standard","has-post-thumbnail","hentry","category-blogi","tag-arengukoostoo","tag-vabatahtlikud"],"acf":[],"_links":{"self":[{"href":"https:\/\/www.terveilm.ee\/leht\/wp-json\/wp\/v2\/posts\/5044","targetHints":{"allow":["GET"]}}],"collection":[{"href":"https:\/\/www.terveilm.ee\/leht\/wp-json\/wp\/v2\/posts"}],"about":[{"href":"https:\/\/www.terveilm.ee\/leht\/wp-json\/wp\/v2\/types\/post"}],"author":[{"embeddable":true,"href":"https:\/\/www.terveilm.ee\/leht\/wp-json\/wp\/v2\/users\/6"}],"replies":[{"embeddable":true,"href":"https:\/\/www.terveilm.ee\/leht\/wp-json\/wp\/v2\/comments?post=5044"}],"version-history":[{"count":0,"href":"https:\/\/www.terveilm.ee\/leht\/wp-json\/wp\/v2\/posts\/5044\/revisions"}],"wp:featuredmedia":[{"embeddable":true,"href":"https:\/\/www.terveilm.ee\/leht\/wp-json\/wp\/v2\/media\/5069"}],"wp:attachment":[{"href":"https:\/\/www.terveilm.ee\/leht\/wp-json\/wp\/v2\/media?parent=5044"}],"wp:term":[{"taxonomy":"category","embeddable":true,"href":"https:\/\/www.terveilm.ee\/leht\/wp-json\/wp\/v2\/categories?post=5044"},{"taxonomy":"post_tag","embeddable":true,"href":"https:\/\/www.terveilm.ee\/leht\/wp-json\/wp\/v2\/tags?post=5044"}],"curies":[{"name":"wp","href":"https:\/\/api.w.org\/{rel}","templated":true}]}}