{"id":5365,"date":"2015-02-05T11:54:56","date_gmt":"2015-02-05T09:54:56","guid":{"rendered":"http:\/\/www.terveilm.ee\/?p=5365"},"modified":"2015-02-05T11:54:56","modified_gmt":"2015-02-05T09:54:56","slug":"13-aastat-arengukoostood-eestis","status":"publish","type":"post","link":"https:\/\/www.terveilm.ee\/leht\/blogi\/13-aastat-arengukoostood-eestis\/","title":{"rendered":"13 aastat arengukoost\u00f6\u00f6d Eestis"},"content":{"rendered":"<p><strong>Arengukoost\u00f6\u00f6 \u00dcmarlaual on t\u00e4na s\u00fcnnip\u00e4ev! Ametlikult saime k\u00fcll 8-aastaseks, kuid AK\u00dc ajaloo algust t\u00e4histab juba aasta 2002, mil organisatsioon esmakordselt kokku kutsuti.<\/strong><\/p>\n<p><strong>Koost\u00f6\u00f6v\u00f5rgustiku tekkimine<\/strong><\/p>\n<p>Arengukoost\u00f6\u00f6 \u00dcmarlaual on oluline roll Eesti arengukoost\u00f6\u00f6 kujunemises. 90ndate l\u00f5pus andis Eesti ise esimest korda arenguabi ning samal ajal hakati teemaga tegelema ka riigisiseselt. V\u00e4lisministeerium asutas arengukoost\u00f6\u00f6 b\u00fcroo ning mitmed mittetulundus\u00fchingud tegelesid piiri\u00fcleste probleemidega. Kuid arengukoost\u00f6\u00f6 ise oli alles v\u00f5\u00f5ras m\u00f5iste ning \u00fchiskonnas v\u00e4hetuntud, samuti puudus n\u00e4gemus Eesti rollist arenguabi andjana.<\/p>\n<p>\u201eT\u00e4nu avatud Eesti Fondi initsiatiivile tekkis v\u00f5rgustik nendest MT\u00dcdest, kes mingis valdkonnas arengukoost\u00f6\u00f6ga tegelesid\u201c Reet Laja. Samad organisatsioonid soovisid panustada Eesti arengukoost\u00f6\u00f6 edendamisse ja hakkasid koos lahti m\u00f5testama arengukoost\u00f6\u00f6 konseptsiooni ning otsima v\u00f5imalusi koost\u00f6\u00f6 tegemiseks. Leiti, et k\u00f5ige sobivam viis on \u00fcmarlaud \u2013 k\u00f5igil osapooltel on v\u00f5rdsed v\u00f5imalused kaasa r\u00e4\u00e4kimiseks ning kordam\u00f6\u00f6da t\u00e4idetakse organisatsiooni juhtimiskohustusi.<\/p>\n<p>\u00dcmarlaua vormi toetas ka V\u00e4lisministeerium, sest eestkosteorganisatsiooniga on lihtsam suhelda kui \u00fcksikute \u00fchingutega eraldi. Arengukoost\u00f6\u00f6 \u00dcmarlaua ja V\u00e4lisministeeriumi suhted arenesid j\u00e4rk-j\u00e4rgult. Tehti koost\u00f6\u00f6d, et v\u00e4lja selgitada, kellele, kuidas ja milleks abi anda ning samuti \u00fchiskonna toetuse suurendamiseks.<\/p>\n<p>Oluline abi tuli rahvusvahelistelt organisatsioonidelt ja Skandinaavia riikidelt, mis toetasid Eesti inimeste osalemist koolitustel, konverentsidel ja teabep\u00e4evadel. Eesti organisatsioonid olid k\u00fcll p\u00e4devad oma kitsastes valdkondades, kuid teadmised arengukoost\u00f6\u00f6st olid piiratud.<\/p>\n<p>\u201eMa arvan, et AK\u00dc loomise impulss on ikka Euroopa Liidu liikmeks saamine, sellega seotud v\u00f5imalused ja kohustused\u201c Riina Kuusik-Rajasaar. \u00dchelt poolt seadis Euroopa Liit uutele liikmesriikidele kohustuse tegeleda arengukoost\u00f6\u00f6ga, teisalt kasvas \u00fchiskonna heaolu ning v\u00f5imalused abi vajavate riikide aitamiseks.<\/p>\n<p>Eesti poole hakkasid p\u00f6\u00f6rduma endised N\u00f5ukogude Liidu vabariigid, kes olid huvitatud Eesti kogemusest. Idapartnerlus ja reformikogemuse jagamine saidki algusaastatel Eestile peamiseks arengukoost\u00f6\u00f6 vormiks.<\/p>\n<p><strong>Aktiivne tegevus ja traditsioonide algus<\/strong><\/p>\n<p>Arengukoost\u00f6\u00f6 \u00dcmarlaud koondas endas v\u00e4ga erineva tausta, kogemuse ja eesm\u00e4rkidega organisatsioone. Sellest tulenevalt tekkisid arutelud, kuidas Eesti peaks panustama arenguabisse ja mille j\u00e4rgi valima sihtriike. Arvamused jagunesid kaheks \u2013 t\u00e4nu olemasolevatele kogemustele ja sidemetele tegeleti idapartnerlusega, kuid teiselt poolt peeti ka oluliseks v\u00e4him arenenud riikide aitamist ning klassikalisele arengukoost\u00f6\u00f6le p\u00fchendumist.<\/p>\n<p>\u201eEesti on \u00fchiskonnana arengukoost\u00f6\u00f6ks ebak\u00fcps. Teema on meedias v\u00e4hetuntud, \u00fcldine huvi v\u00e4ike. Arengukoost\u00f6\u00f6 ei ole \u00fchegi Eesti organisatsiooni p\u00f5hitegevus\u201c Riina Kuusik, 2005. Eesti \u00fchiskonna v\u00e4hene teadmine arengumaadest ja arenguabist sai otsustavaks teerajajaks AK\u00dc tegevustele. AK\u00dc v\u00f5ttis maailmahariduse suuna ning erinevate ettev\u00f5tmiste kaudu sooviti inimesi teavitada arengumaade probleemidest ja v\u00f5imalustest nende leevendamiseks.<\/p>\n<p>Arengukoost\u00f6\u00f6 \u00dcmarlaud tutvustas Eestis esimest korda \u00f5iglase kaubanduse kohvi. \u201eMeid vaadati nagu kuut\u00f5biseid. See tundus p\u00f6\u00f6rane asi. Eestis poldud varem sellist asja n\u00e4htud\u201c Aivar Roop.<\/p>\n<p>AK\u00dc alustas vabatahtlike l\u00e4hetamist arengumaadesse, eesm\u00e4rgiga aidata vaeseid kogukondi ning hiljem kogemuste jagamise kaudu ka Eesti inimesi rohkem teema peale m\u00f5tlema panna. Korraldati esimene kogupere\u00fcritus Maailmap\u00e4ev, mis tutvustas inimestele arengukoost\u00f6\u00f6 organisatsioonide tegevust ja valdkonda.<\/p>\n<p>Loodi infov\u00e4rav www.terveilm.ee. \u2019Terve ilm\u2019 on mitmet\u00e4henduslik \u2013 \u00fcmarlaud tegeleb kogu maailmaga ja keskendub ka \u2019tervele\u2019 tervise m\u00f5ttes. See asendas Arengukoost\u00f6\u00f6 \u00dcmarlaua pikka ja lohisevat nime ning aitas tuua AK\u00dc tegevused tavainimestele l\u00e4hemale.<\/p>\n<p>Organisatsiooni paremaks toimimiseks ja rahastuse taotlemiseks loodi 2007. aastal mittetulundus\u00fching.<\/p>\n<p><strong>Praegune AK\u00dc<\/strong><\/p>\n<p>Aasta p\u00e4rast mittetulundus\u00fchingu loomist sai AK\u00dc endale uue meeskonna. T\u00f6\u00f6le asusid tegevjuht ja poliitikaekspert, kes alustasid organisatsiooni sutruktuuri v\u00e4lja t\u00f6\u00f6tamist ning seadsid eesm\u00e4rgiks kvaliteedi t\u00f5stmise, eestkostet\u00f6\u00f6 tugevdamise ja koost\u00f6\u00f6v\u00f5rgustiku laiendamise. Hiljem liitus meeskonnaga kommunikatsioonijuht, kes aitab kaasa AK\u00dc jaoks v\u00e4ga olulise \u00fclesande, arengukoost\u00f6\u00f6 alase teavitust\u00f6\u00f6 tegemisele.<\/p>\n<p>AK\u00dc viib l\u00e4bi projekte uute liikmete kaasamiseks ning koost\u00f6\u00f6 tugevdamiseks, \u00fcleeuroopalise koost\u00f6\u00f6v\u00f5rgustiku arendamiseks ning Euroopa Liidu arengukoost\u00f6\u00f6 poliitika vahendamiseks. AK\u00dc pakub oma liikmetele tuge arengupoliitika m\u00f5istmisel, kaasar\u00e4\u00e4kimisel ja kujundamisel. Lisaks toimuvad koolitused teavitust\u00f6\u00f6 edendamiseks ning AK\u00dc j\u00e4tkab traditsiooniliselt Maailmap\u00e4eva korraldamist ja vabatahtlike saatmist arengumaadesse GLEN projekti raames.<\/p>\n<p>AK\u00dcst on kujunenud arengukoost\u00f6\u00f6 eestkostja Eesti \u00fchiskonnas ning tugev katuseorganisatsioon, mis toob kokku erinevad osapooled \u2013 arengukoost\u00f6\u00f6 praktiseerijad ja poliitika kujundajad. \u201eAK\u00dc-l on V\u00e4lisministeeriumi arengukoost\u00f6\u00f6 b\u00fcroo silmis p\u00e4ris k\u00f5rge usalduskrediit ja ootused ning soovime ja loodame, et entusiasm ei vaibu\u201c Kaili Terras.<\/p>\n<p><strong>Arengukoost\u00f6\u00f6 \u00dcmarlaua asutajad<\/strong><\/p>\n<ol>\n<li>Eesti Euroopa Liikumine<\/li>\n<li>e-Riigi Akadeemia<\/li>\n<li>Jaan T\u00f5nissoni Instituut<\/li>\n<li>Eesti Naisuurimus- ja Teabekeskus ENUT<\/li>\n<li>Naiskoolituse Keskus NKK<\/li>\n<li>Peipsi Koost\u00f6\u00f6 Keskus<\/li>\n<li>Eesti People to People<\/li>\n<li>Eesti Looduskaitse Selts<\/li>\n<li>Fenno-Ugria Asutus<\/li>\n<li>Eesti Roheline Liikumine<\/li>\n<\/ol>\n","protected":false},"excerpt":{"rendered":"<p>Arengukoost\u00f6\u00f6 \u00dcmarlaual on t\u00e4na s\u00fcnnip\u00e4ev! Ametlikult saime k\u00fcll 8-aastaseks, kuid AK\u00dc ajaloo algust t\u00e4histab juba aasta 2002, mil organisatsioon esmakordselt&#8230;<\/p>\n","protected":false},"author":6,"featured_media":5368,"comment_status":"open","ping_status":"open","sticky":false,"template":"","format":"standard","meta":{"_acf_changed":false,"footnotes":""},"categories":[1],"tags":[31,35],"class_list":["post-5365","post","type-post","status-publish","format-standard","has-post-thumbnail","hentry","category-uncategorized-et","tag-aku","tag-arengukoostoo"],"acf":[],"_links":{"self":[{"href":"https:\/\/www.terveilm.ee\/leht\/wp-json\/wp\/v2\/posts\/5365","targetHints":{"allow":["GET"]}}],"collection":[{"href":"https:\/\/www.terveilm.ee\/leht\/wp-json\/wp\/v2\/posts"}],"about":[{"href":"https:\/\/www.terveilm.ee\/leht\/wp-json\/wp\/v2\/types\/post"}],"author":[{"embeddable":true,"href":"https:\/\/www.terveilm.ee\/leht\/wp-json\/wp\/v2\/users\/6"}],"replies":[{"embeddable":true,"href":"https:\/\/www.terveilm.ee\/leht\/wp-json\/wp\/v2\/comments?post=5365"}],"version-history":[{"count":0,"href":"https:\/\/www.terveilm.ee\/leht\/wp-json\/wp\/v2\/posts\/5365\/revisions"}],"wp:featuredmedia":[{"embeddable":true,"href":"https:\/\/www.terveilm.ee\/leht\/wp-json\/wp\/v2\/media\/5368"}],"wp:attachment":[{"href":"https:\/\/www.terveilm.ee\/leht\/wp-json\/wp\/v2\/media?parent=5365"}],"wp:term":[{"taxonomy":"category","embeddable":true,"href":"https:\/\/www.terveilm.ee\/leht\/wp-json\/wp\/v2\/categories?post=5365"},{"taxonomy":"post_tag","embeddable":true,"href":"https:\/\/www.terveilm.ee\/leht\/wp-json\/wp\/v2\/tags?post=5365"}],"curies":[{"name":"wp","href":"https:\/\/api.w.org\/{rel}","templated":true}]}}