{"id":5379,"date":"2015-02-12T11:11:41","date_gmt":"2015-02-12T09:11:41","guid":{"rendered":"http:\/\/www.terveilm.ee\/?p=5379"},"modified":"2015-10-02T08:37:37","modified_gmt":"2015-10-02T08:37:37","slug":"aku-s-alustas-tootamist-kommunikatsioonispetsialist","status":"publish","type":"post","link":"https:\/\/www.terveilm.ee\/leht\/blogi\/aku-s-alustas-tootamist-kommunikatsioonispetsialist\/","title":{"rendered":"AK\u00dc-s alustas t\u00f6\u00f6d kommunikatsioonispets"},"content":{"rendered":"<p style=\"text-align: justify;\"><strong>Alanud Euroopa arengukoost\u00f6\u00f6 aastal p\u00fchendub Eesti koos teiste Euroopa Liidu riikidega arengukoost\u00f6\u00f6 tutvustamisele. Seoses teavitust\u00f6\u00f6 mahu suurenemisega t\u00f6\u00f6tab alates veebruarist AK\u00dc v\u00e4ikses, kuid v\u00f5imekas naiskonnas kommunikatsioonispetsialist Getrin Reesar.<\/strong><\/p>\n<p style=\"text-align: justify;\">Kahes kommunikatsioonib\u00fcroos praktiseerinud Getrini s\u00f5nul k\u00f6itis teda Arengukoost\u00f6\u00f6 \u00dcmarlauas t\u00f6\u00f6tamise puhul eelk\u00f5ige organisatsiooni missioon aidata p\u00e4riselt maailma muuta. \u201eLisaks keerulistele asjadele, nagu arengukoost\u00f6\u00f6 poliitika t\u00f5hustamine, m\u00e4ngib olulist rolli inimeste teavitamine sellest, kuidas oleme arengumaadega seotud. Arengukoost\u00f6\u00f6 aasta eesm\u00e4rk on t\u00f5sta teadlikkust sellest, kuidas iga\u00fcks saab panustada, et aidata kaasa k\u00f5ikide maailma inimeste heaolu paranemisele.\u201c<\/p>\n<p style=\"text-align: justify;\">Arenguaastal korraldab Arengukoost\u00f6\u00f6 \u00dcmarlaud kogupere\u00fcritust Maailmap\u00e4ev 2015, saadab noored maailmaharidusliku GLEN 2015 projektiga arengumaadesse vabatahtlikeks ja korraldab sotsiaalkampaania eesm\u00e4rgiga muuta inimeste tarbimisharjumused eetilisemaks. Arengukoost\u00f6\u00f6 \u00dcmarlaua tegevusi rahastab Euroopa Komisjon ja Eesti V\u00e4lisministeerium.<\/p>\n<p style=\"text-align: justify;\">Getrinile saab kirjutada aadressil <a href=\"mailto:getrin@terveilm.ee\">getrin@terveilm.ee<\/a> ja helistada numbril 524\u00a0242 1.<\/p>\n<p style=\"text-align: justify;\">Arengukoost\u00f6\u00f6 \u00dcmarlaud on avalikes huvides tegutsev 30 arengukoost\u00f6\u00f6 ja maailmahariduse valdkonna kodaniku\u00fchendust esindav organisatsioon.<\/p>\n","protected":false},"excerpt":{"rendered":"<p>Alanud Euroopa arengukoost\u00f6\u00f6 aastal p\u00fchendub Eesti koos teiste Euroopa Liidu riikidega arengukoost\u00f6\u00f6 tutvustamisele. Seoses teavitust\u00f6\u00f6 mahu suurenemisega t\u00f6\u00f6tab alates veebruarist&#8230;<\/p>\n","protected":false},"author":6,"featured_media":5380,"comment_status":"open","ping_status":"open","sticky":false,"template":"","format":"standard","meta":{"_acf_changed":false,"footnotes":""},"categories":[7],"tags":[31],"class_list":["post-5379","post","type-post","status-publish","format-standard","has-post-thumbnail","hentry","category-uudised","tag-aku"],"acf":[],"_links":{"self":[{"href":"https:\/\/www.terveilm.ee\/leht\/wp-json\/wp\/v2\/posts\/5379","targetHints":{"allow":["GET"]}}],"collection":[{"href":"https:\/\/www.terveilm.ee\/leht\/wp-json\/wp\/v2\/posts"}],"about":[{"href":"https:\/\/www.terveilm.ee\/leht\/wp-json\/wp\/v2\/types\/post"}],"author":[{"embeddable":true,"href":"https:\/\/www.terveilm.ee\/leht\/wp-json\/wp\/v2\/users\/6"}],"replies":[{"embeddable":true,"href":"https:\/\/www.terveilm.ee\/leht\/wp-json\/wp\/v2\/comments?post=5379"}],"version-history":[{"count":3,"href":"https:\/\/www.terveilm.ee\/leht\/wp-json\/wp\/v2\/posts\/5379\/revisions"}],"predecessor-version":[{"id":6343,"href":"https:\/\/www.terveilm.ee\/leht\/wp-json\/wp\/v2\/posts\/5379\/revisions\/6343"}],"wp:featuredmedia":[{"embeddable":true,"href":"https:\/\/www.terveilm.ee\/leht\/wp-json\/wp\/v2\/media\/5380"}],"wp:attachment":[{"href":"https:\/\/www.terveilm.ee\/leht\/wp-json\/wp\/v2\/media?parent=5379"}],"wp:term":[{"taxonomy":"category","embeddable":true,"href":"https:\/\/www.terveilm.ee\/leht\/wp-json\/wp\/v2\/categories?post=5379"},{"taxonomy":"post_tag","embeddable":true,"href":"https:\/\/www.terveilm.ee\/leht\/wp-json\/wp\/v2\/tags?post=5379"}],"curies":[{"name":"wp","href":"https:\/\/api.w.org\/{rel}","templated":true}]}}