{"id":5403,"date":"2015-03-05T16:04:13","date_gmt":"2015-03-05T14:04:13","guid":{"rendered":"http:\/\/www.terveilm.ee\/?p=5403"},"modified":"2015-10-02T07:49:22","modified_gmt":"2015-10-02T07:49:22","slug":"maailmapaev-2015-registreerimine-organisatsioonidele-on-avatud","status":"publish","type":"post","link":"https:\/\/www.terveilm.ee\/leht\/blogi\/maailmapaev-2015-registreerimine-organisatsioonidele-on-avatud\/","title":{"rendered":"Maailmap\u00e4ev 2015 registreerimine organisatsioonidele on avatud"},"content":{"rendered":"<p><strong>Panime selle aasta Maailmap\u00e4eva toimumise kuup\u00e4evad juba varakult paika, et k\u00f5ik osalejad saaksid enda plaanides ja eelarvetes selle toimumisega arvestada. Maailmap\u00e4ev 2015 toimub 30. mail Vabaduse v\u00e4ljakul.<\/strong><\/p>\n<p>Palume k\u00f5igil organisatsioonidel enda osalemissoov kinnitada \u00fcritusele registreerimisega. Selleks t\u00e4ida ankeet siin:<br \/>\n<a href=\"https:\/\/docs.google.com\/forms\/d\/1qoFETLSzXQlcdKrASKPA5vgVdtVMOtC6FVGg-u_jEpc\/viewform\">https:\/\/docs.google.com\/forms\/d\/1qoFETLSzXQlcdKrASKPA5vgVdtVMOtC6FVGg-u_jEpc\/viewform<\/a>.<\/p>\n<p>Sel aastal on Maailmap\u00e4eva \u00fcldine teema &#8220;Lapsed terves ilmas&#8221;. AK\u00dc annab maikuus v\u00e4lja Maailmap\u00e4eva teemalise erilehe, mis ilmub \u00d5htulehe ja eesti- ning venekeelse Linnalehe vahel, lisaks \u00d5htulehe veebiportaalis. Erilehe tr\u00fckiarv on 145 000, lisaks loeb \u00d5htulehe veebi iga p\u00e4ev va 500 000 inimest. Pakume k\u00f5igile Maailmap\u00e4evast osav\u00f5tjatele v\u00f5imaluse enda tegevusi erilehes tutvustada. Teema peaks olema otseselt v\u00f5i kaudselt lastega seotud ja kui olete sellest huvitatud, siis t\u00e4itke registreerimisankeedis kindlasti vastav l\u00fcnk v\u00f5i andke endast m\u00e4rku, kirjutades meie kommunikatsioonispetsialist Getrinile (<a href=\"mailto:getrin@terveilm.ee\">getrin@terveilm.ee<\/a>). Artikli sisu peaks puudutama olulisi laste heaolu m\u00f5jutavaid teemasid, nagu tervishoid (seksuaalharidus), haridus, kaubandus (lapst\u00f6\u00f6j\u00f5u kasutamine), tarbimine (liigtarbimine j\u00e4rgmiste p\u00f5lvkondade arvelt) jt.<\/p>\n<p>Rohkem infot Maailmap\u00e4ev 2015 \u00fcrituse kohta: www.maailmap\u00e4ev.ee<\/p>\n<p>Nobedat registreerimist ja head m\u00f5ttelendu!<\/p>\n<p>&nbsp;<\/p>\n","protected":false},"excerpt":{"rendered":"<p>Panime selle aasta Maailmap\u00e4eva toimumise kuup\u00e4evad juba varakult paika, et k\u00f5ik osalejad saaksid enda plaanides ja eelarvetes selle toimumisega arvestada&#8230;.<\/p>\n","protected":false},"author":6,"featured_media":5404,"comment_status":"open","ping_status":"open","sticky":false,"template":"","format":"standard","meta":{"_acf_changed":false,"footnotes":""},"categories":[7],"tags":[31,29],"class_list":["post-5403","post","type-post","status-publish","format-standard","has-post-thumbnail","hentry","category-uudised","tag-aku","tag-sundmused"],"acf":[],"_links":{"self":[{"href":"https:\/\/www.terveilm.ee\/leht\/wp-json\/wp\/v2\/posts\/5403","targetHints":{"allow":["GET"]}}],"collection":[{"href":"https:\/\/www.terveilm.ee\/leht\/wp-json\/wp\/v2\/posts"}],"about":[{"href":"https:\/\/www.terveilm.ee\/leht\/wp-json\/wp\/v2\/types\/post"}],"author":[{"embeddable":true,"href":"https:\/\/www.terveilm.ee\/leht\/wp-json\/wp\/v2\/users\/6"}],"replies":[{"embeddable":true,"href":"https:\/\/www.terveilm.ee\/leht\/wp-json\/wp\/v2\/comments?post=5403"}],"version-history":[{"count":1,"href":"https:\/\/www.terveilm.ee\/leht\/wp-json\/wp\/v2\/posts\/5403\/revisions"}],"predecessor-version":[{"id":6320,"href":"https:\/\/www.terveilm.ee\/leht\/wp-json\/wp\/v2\/posts\/5403\/revisions\/6320"}],"wp:featuredmedia":[{"embeddable":true,"href":"https:\/\/www.terveilm.ee\/leht\/wp-json\/wp\/v2\/media\/5404"}],"wp:attachment":[{"href":"https:\/\/www.terveilm.ee\/leht\/wp-json\/wp\/v2\/media?parent=5403"}],"wp:term":[{"taxonomy":"category","embeddable":true,"href":"https:\/\/www.terveilm.ee\/leht\/wp-json\/wp\/v2\/categories?post=5403"},{"taxonomy":"post_tag","embeddable":true,"href":"https:\/\/www.terveilm.ee\/leht\/wp-json\/wp\/v2\/tags?post=5403"}],"curies":[{"name":"wp","href":"https:\/\/api.w.org\/{rel}","templated":true}]}}