{"id":5413,"date":"2015-03-12T14:23:59","date_gmt":"2015-03-12T12:23:59","guid":{"rendered":"http:\/\/www.terveilm.ee\/?p=5413"},"modified":"2015-03-12T14:23:59","modified_gmt":"2015-03-12T12:23:59","slug":"osale-euroopa-arengukoostoo-aasta-teemalisel-fotokonkursil","status":"publish","type":"post","link":"https:\/\/www.terveilm.ee\/leht\/blogi\/osale-euroopa-arengukoostoo-aasta-teemalisel-fotokonkursil\/","title":{"rendered":"Osale Euroopa arengukoost\u00f6\u00f6 aasta teemalisel fotokonkursil!"},"content":{"rendered":"<p><strong>Euroopa Parlament kutsub osalema rahvusvahelisel k\u00fclalisfotograafi v\u00f5istlusel! Igal kuul kuni septembrini kuulutatakse v\u00e4lja Euroopa arengukoost\u00f6\u00f6 aastaga seonduv fotokonkursi teema. Osalemiseks on vajalik saata teemast inspireeritud foto ja t\u00e4ita avaldus. Just nii v\u00f5ib avaneda v\u00f5imalus minna Prantsusmaale Strasbourgi fotoreportaa\u017ei tegema.<\/strong><\/p>\n<p><b>Kuidas osaleda?<\/b><\/p>\n<p>Oma foto ja avalduse saab saata e-maili teel. M\u00e4rtsikuu teema (\u201eWomen and Girls\u201c) t\u00e4htaeg on 29.03.<\/p>\n<p>Toimetus valib k\u00f5ikide osalejate seast v\u00e4lja parimad k\u00fcmme fotot ning seej\u00e4rel kuu v\u00f5itja, kes on automaatselt ka finaalis, et v\u00f5ita \u017e\u00fcrii auhind. Fotod on \u00fcleval ka Euroopa Parlamendi Facebook ja Google+ lehtedel, kus oma lemmiku poolt saab h\u00e4\u00e4letada. Konkursi l\u00f5pus antakse enim h\u00e4\u00e4li saanud fotole publiku lemmiku auhind. M\u00f5lemad fotograafid kutsutakse 2015. aasta novembris parlamenti t\u00e4iskogu istungile.<\/p>\n<p>Saada oma foto ja avaldus: webcom-flickr@europarl.europa.eu<\/p>\n<p>Rohkem infot fotokonkursi kohta leiad <a href=\"http:\/\/www.europarl.europa.eu\/news\/en\/news-room\/content\/20150205STO19402\/html\/Ready-set-click-take-part-in-our-guest-photographer-contest\">siit<\/a>!<\/p>\n<p>Esimese teema (\u201eUnited\u201c) v\u00f5itjaks valiti 31-aastane Hispaanias elav rootslane Emanual Gesang. Gesangi s\u00f5nul s\u00fcmboliseerib seljale t\u00e4toveeritud piirideta maailmakaart \u00fchinenud ja v\u00f5rdset maailma. \u201eRassism ja ebav\u00f5rdsus Euroopas ja mujal maailmas aina s\u00fcvenevad. Samal ajal kasvab inimestevaheline v\u00e4givald ja majanduslikud erinevused. Seet\u00f5ttu usungi, et peame r\u00f5hutama rohkem kui kunagi varem v\u00f5itlust rassismi, isekuse ja ebav\u00f5rdsuse vastu,\u201c \u00fctles Gesang.<\/p>\n<p>H\u00e4\u00e4leta oma lemmiku foto poolt <a href=\"https:\/\/www.facebook.com\/media\/set\/?set=a.10155356546955107.1073741911.178362315106&amp;type=1\">siit<\/a>!<\/p>\n","protected":false},"excerpt":{"rendered":"<p>Euroopa Parlament kutsub osalema rahvusvahelisel k\u00fclalisfotograafi v\u00f5istlusel! Igal kuul kuni septembrini kuulutatakse v\u00e4lja Euroopa arengukoost\u00f6\u00f6 aastaga seonduv fotokonkursi teema. Osalemiseks&#8230;<\/p>\n","protected":false},"author":6,"featured_media":5414,"comment_status":"open","ping_status":"open","sticky":false,"template":"","format":"standard","meta":{"_acf_changed":false,"footnotes":""},"categories":[3],"tags":[35,29],"class_list":["post-5413","post","type-post","status-publish","format-standard","has-post-thumbnail","hentry","category-blogi","tag-arengukoostoo","tag-sundmused"],"acf":[],"_links":{"self":[{"href":"https:\/\/www.terveilm.ee\/leht\/wp-json\/wp\/v2\/posts\/5413","targetHints":{"allow":["GET"]}}],"collection":[{"href":"https:\/\/www.terveilm.ee\/leht\/wp-json\/wp\/v2\/posts"}],"about":[{"href":"https:\/\/www.terveilm.ee\/leht\/wp-json\/wp\/v2\/types\/post"}],"author":[{"embeddable":true,"href":"https:\/\/www.terveilm.ee\/leht\/wp-json\/wp\/v2\/users\/6"}],"replies":[{"embeddable":true,"href":"https:\/\/www.terveilm.ee\/leht\/wp-json\/wp\/v2\/comments?post=5413"}],"version-history":[{"count":0,"href":"https:\/\/www.terveilm.ee\/leht\/wp-json\/wp\/v2\/posts\/5413\/revisions"}],"wp:featuredmedia":[{"embeddable":true,"href":"https:\/\/www.terveilm.ee\/leht\/wp-json\/wp\/v2\/media\/5414"}],"wp:attachment":[{"href":"https:\/\/www.terveilm.ee\/leht\/wp-json\/wp\/v2\/media?parent=5413"}],"wp:term":[{"taxonomy":"category","embeddable":true,"href":"https:\/\/www.terveilm.ee\/leht\/wp-json\/wp\/v2\/categories?post=5413"},{"taxonomy":"post_tag","embeddable":true,"href":"https:\/\/www.terveilm.ee\/leht\/wp-json\/wp\/v2\/tags?post=5413"}],"curies":[{"name":"wp","href":"https:\/\/api.w.org\/{rel}","templated":true}]}}