{"id":5428,"date":"2015-03-26T12:48:18","date_gmt":"2015-03-26T10:48:18","guid":{"rendered":"http:\/\/www.terveilm.ee\/?p=5428"},"modified":"2015-03-26T12:48:18","modified_gmt":"2015-03-26T10:48:18","slug":"selgusid-glen-2015-programmi-vabatahtlikud","status":"publish","type":"post","link":"https:\/\/www.terveilm.ee\/leht\/blogi\/selgusid-glen-2015-programmi-vabatahtlikud\/","title":{"rendered":"Selgusid GLEN 2015 programmi vabatahtlikud"},"content":{"rendered":"<p><strong>Sel aastal osalevad GLEN programmis \u00fcheksa vabatahtlikku, kellest viis l\u00e4hevad erinevatesse Aafrika riikidesse, lisaks on sihtkohtade hulgas India ja Nepal, Gruusia ning Ukraina.<\/strong><\/p>\n<p>Arengukoost\u00f6\u00f6 \u00dcmarlaua juht Piret Hirv: \u201cSel aastal on valitud kandidaatide hulgas nii pikaaegse kogemusega spetsialiste kui ka asjalikke ja hakkajaid \u00fclikoolinoori, kes suudavad arenguriikide projektides oma seniseid teadmisi kohalike kogukondade heaks kasutada. Lisaks GLEN programmis osalemisele n\u00e4evad noored vabatahtlikud, kui tihedalt oleme arengumaadega seotud ja koju naastes jagavad nad seda teadmist ka teistega,\u201c lisas Hirv.<\/p>\n<p>Vabatahtlikud asuvad teele suvel ja t\u00f6\u00f6tavad arenguriikides kolm kuud. Sel aastal osalevad GLEN projektis j\u00e4rgmised vabatahtlikud:<\/p>\n<p><strong>Ukraina \u2013 traditsiooniliste viinamarjaistanduste taass\u00fcnd linnapargis<\/strong><\/p>\n<p><a href=\"http:\/\/www.terveilm.ee\/leht\/wp-content\/uploads\/2015\/03\/Signe-K.jpg\"><img loading=\"lazy\" decoding=\"async\" class=\"alignleft\" src=\"http:\/\/www.terveilm.ee\/leht\/wp-content\/uploads\/2015\/03\/Signe-K-1024x1024.jpg\" alt=\"Signe K\" width=\"151\" height=\"151\" \/><\/a>\u00a0<strong>Signe Kangur<\/strong><\/p>\n<p>\u201eOlen julge pealehakkaja ning maailma positiivselt vaatav tudengineiu. Parasjagu l\u00f5petan magistrantuuri maastikuarhitektuuri erialal ning olen ootus\u00e4revuses, mida on maailmal mulle pakkuda. Proovin aktiivselt osa v\u00f5tta v\u00f5imalikult erinevat laadi tegevustest, et maksimaalselt silmaringi avardada, siis ju vanaduses oleks, millele \u00a0tagasi vaadata ja uhkust tunda &#8211; et aitasin, osalesin, juhtisin, muutsin, tegin.\u201c<\/p>\n<p><strong>Gruusia \u2013 kaitsealade turundusstrateegia loomine<\/strong><\/p>\n<p><a href=\"http:\/\/www.terveilm.ee\/leht\/wp-content\/uploads\/2015\/03\/Meriliis.jpg\"><img loading=\"lazy\" decoding=\"async\" class=\" alignleft\" src=\"http:\/\/www.terveilm.ee\/leht\/wp-content\/uploads\/2015\/03\/Meriliis.jpg\" alt=\"Meriliis\" width=\"129\" height=\"181\" \/><\/a>\u00a0<strong>Meriliis Kotkas<\/strong><\/p>\n<p>\u201eOlen aktiivne ja r\u00f5\u00f5msameelne rakendusbioloogia tudeng Tartust. Roheline eluviis on minu jaoks s\u00fcdameasi. Vabal ajal meeldib mulle v\u00e4ga looduses liikuda ja triatloni \u00a0trenni teha.\u201c<\/p>\n<p>&nbsp;<\/p>\n<p>&nbsp;<\/p>\n<p><strong>Malawi &#8211; t\u00fcdrukute harimine seksuaaltervise teemadel<\/strong><\/p>\n<p><a href=\"http:\/\/www.terveilm.ee\/leht\/wp-content\/uploads\/2015\/03\/Kaidi-Pilemann.jpg\"><img loading=\"lazy\" decoding=\"async\" class=\" alignleft\" src=\"http:\/\/www.terveilm.ee\/leht\/wp-content\/uploads\/2015\/03\/Kaidi-Pilemann.jpg\" alt=\"Kaidi Pilemann\" width=\"138\" height=\"138\" \/><\/a>\u00a0<strong>Kaidi Pilemann<\/strong><\/p>\n<p>\u201eOlen rahulik ja vaikne inimene. Olen r\u00f5\u00f5msameelne ja soovin, et teistel alati h\u00e4sti \u00a0l\u00e4heks. V\u00f5tan k\u00f5ike positiivselt ja rahulikult. Kui mul on eesm\u00e4rk, tahan selle \u00a0kindlasti \u00a0saavutada.\u201c<\/p>\n<p>&nbsp;<\/p>\n<p><strong>Nepal &#8211; tervikliku k\u00fcla rajamine\u00a0<\/strong><\/p>\n<p><a href=\"http:\/\/www.terveilm.ee\/leht\/wp-content\/uploads\/2015\/03\/portreefoto_Triinu-Tamm.jpg\"><img loading=\"lazy\" decoding=\"async\" class=\" alignleft\" src=\"http:\/\/www.terveilm.ee\/leht\/wp-content\/uploads\/2015\/03\/portreefoto_Triinu-Tamm.jpg\" alt=\"portreefoto_Triinu Tamm\" width=\"112\" height=\"180\" \/><\/a>\u00a0<strong>Triinu Tamm<\/strong><\/p>\n<p>\u201eOlen optimist, kes n\u00e4eb igas raskuses v\u00f5imalusi. Alati otsin midagi uut ja p\u00f5nevat. Armastan \u00a0loodust ning teen k\u00f5ik endastoleneva selle ilu ja puhtuse s\u00e4ilitamiseks.\u201c<\/p>\n<p>&nbsp;<\/p>\n<p>&nbsp;<\/p>\n<p>&nbsp;<\/p>\n<p><strong>India &#8211; orgaaniliste kangaste ja looduslike toodete tutvustamine ning turundamine<\/strong><\/p>\n<p><a href=\"http:\/\/www.terveilm.ee\/leht\/wp-content\/uploads\/2015\/03\/Markus-Vihma1.jpg\"><img loading=\"lazy\" decoding=\"async\" class=\"  wp-image-5474 alignleft\" src=\"http:\/\/www.terveilm.ee\/leht\/wp-content\/uploads\/2015\/03\/Markus-Vihma1.jpg\" alt=\"Markus Vihma\" width=\"116\" height=\"187\" \/><\/a><strong>Markus Vihma<\/strong><\/p>\n<p>\u201eOlen kestliku arengu spetsialist, \u00f5ppej\u00f5ud ja konsultant.\u201c<\/p>\n<p>&nbsp;<\/p>\n<p>&nbsp;<\/p>\n<p>&nbsp;<\/p>\n<p><strong>Kamerun &#8211; veebisisu loomine ja kogukonna raadiosaadete edastamine<\/strong><\/p>\n<p><a href=\"http:\/\/www.terveilm.ee\/leht\/wp-content\/uploads\/2015\/03\/Mattias-Nurk.jpg\"><img loading=\"lazy\" decoding=\"async\" class=\" alignleft\" src=\"http:\/\/www.terveilm.ee\/leht\/wp-content\/uploads\/2015\/03\/Mattias-Nurk-683x1024.jpg\" alt=\"Mattias Nurk\" width=\"136\" height=\"204\" \/><\/a><strong>Mattias Nurk<\/strong><\/p>\n<p>\u201eOlen s\u00e4rasilmne tudeng ja programmeerimise \u00f5petaja. Naudin naljakalt ebamugavaid \u00a0ja \u00a0ebamugavalt naljakaid olukordi, mida suheldes tihti ette tuleb. Vabal ajal tantsin \u00a0rahvatantsu, m\u00e4ngin jalgpalli, klaverit ja videom\u00e4nge.\u201c<\/p>\n<p>&nbsp;<\/p>\n<p>&nbsp;<\/p>\n<p>&nbsp;<\/p>\n<p><strong>Ghana &#8211; noortele ja leskedele inglise keele ning k\u00e4sit\u00f6\u00f6 \u00f5petamine<\/strong><\/p>\n<p><a href=\"http:\/\/www.terveilm.ee\/leht\/wp-content\/uploads\/2015\/03\/Anne_Liis-Leht-foto.jpg\"><img loading=\"lazy\" decoding=\"async\" class=\" alignleft\" src=\"http:\/\/www.terveilm.ee\/leht\/wp-content\/uploads\/2015\/03\/Anne_Liis-Leht-foto.jpg\" alt=\"Anne_Liis Leht foto\" width=\"153\" height=\"155\" \/><\/a><strong>Anne-Liis Leht<\/strong><\/p>\n<p>\u201cMind k\u00f6idavad p\u00f5nevad seiklused, v\u00e4ljakutsed, uued algatused.\u00a0Minu kireks on loov \u00a0m\u00f5tlemine ja innovatsioon, mille k\u00f5rval pean oluliseks elus hoida kultuurilist algup\u00e4ra ja traditsioone. S\u00f5brad ja pere on olulised &#8211; nemad aitavad asju \u00f5iges \u00a0perspektiivis n\u00e4ha.\u201d<\/p>\n<p>&nbsp;<\/p>\n<p><strong>Keenia &#8211; noorte toetamine ning neile eluks vajalike oskuste \u00f5petamine<\/strong><\/p>\n<p><a href=\"http:\/\/www.terveilm.ee\/leht\/wp-content\/uploads\/2015\/03\/SandraSutting.jpg\"><img loading=\"lazy\" decoding=\"async\" class=\" alignleft\" src=\"http:\/\/www.terveilm.ee\/leht\/wp-content\/uploads\/2015\/03\/SandraSutting-649x1024.jpg\" alt=\"SandraSutting\" width=\"130\" height=\"205\" \/><\/a>\u00a0<strong>Sandra Sutting<\/strong><\/p>\n<p>\u201eArmastan v\u00e4ljakutseid, seiklusi, olukordi, mis asetavad harjumusp\u00e4rasest \u00a0mugavustsoonist v\u00e4lja poole. Olukordi, mis panevad loovalt tegutsema. Usun, et meie \u00a0k\u00f5igi sees elab \u00fcks pisike maailmaparandaja, nii ka minus.\u201c<\/p>\n<p>&nbsp;<\/p>\n<p>&nbsp;<\/p>\n<p>&nbsp;<\/p>\n<p><strong>Kamerun &#8211; keskkonnaklubid lastekodudes<\/strong><\/p>\n<p><a href=\"http:\/\/www.terveilm.ee\/leht\/wp-content\/uploads\/2015\/03\/Robert.jpg\"><img loading=\"lazy\" decoding=\"async\" class=\" alignleft\" src=\"http:\/\/www.terveilm.ee\/leht\/wp-content\/uploads\/2015\/03\/Robert.jpg\" alt=\"Robert\" width=\"123\" height=\"219\" \/><\/a>\u00a0<strong>Robert Sikk<\/strong><\/p>\n<p>\u201cOlen optimistliku ja teotahtelise ellusuhtumisega muusik ja pilli\u00f5petaja. Meeldib v\u00e4ga reisida ja avastada teisi kultuure ning kasutada saadud kogemusi oma t\u00f6\u00f6s ja loomingulises tegevuses. Keskkonna teemadega olen kokku puutunud l\u00e4bi erinevate koolituste ja noorteprojektide ning t\u00e4iendanud oma teadmisi isiklikust huvist. P\u00f5nev v\u00e4ljakutse saab olema oma eelnevate t\u00f6\u00f6kogemuste rakendamine Kameruni lastekodude heaks ja aidata kaasa sealsete keskkonnaklubide tegevusele.\u201d<\/p>\n<p>&nbsp;<\/p>\n<p>&nbsp;<\/p>\n<p>GLEN projekti eesm\u00e4rk on t\u00f5sta noorte teadlikkust arenguprobleemidest vaesemates riikides ning toetada noorte aktiivset osalemist s\u00e4\u00e4stliku ja solidaarse m\u00f5tteviisi edendamisel. Maailmahariduslik koolitus- ja praktikaprojekt h\u00f5lmab ettevalmistuskoolitust, kolmekuulist t\u00f6\u00f6d m\u00f5nes Aafrika, Aasia v\u00f5i Ida-Euroopa riigis ning teavitust\u00f6\u00f6d ja maailmahariduse edendamist kodumaal.<\/p>\n<p>GLEN programm alustas tegevust 2003. aastal, Eesti saatis esimesed GLENid vabatahtlikku t\u00f6\u00f6d tegema 2004. aastal, k\u00fcmne aasta jooksul on arengumaades k\u00e4inud 50 noort. GLEN programmi Eestis rahastab V\u00e4lisministeerium.<\/p>\n<p>Lisainfo:<a href=\"http:\/\/www.terveilm.ee\/glen\"> www.terveilm.ee\/glen<\/a><\/p>\n<p style=\"text-align: left;\">\n","protected":false},"excerpt":{"rendered":"<p>Sel aastal osalevad GLEN programmis \u00fcheksa vabatahtlikku, kellest viis l\u00e4hevad erinevatesse Aafrika riikidesse, lisaks on sihtkohtade hulgas India ja Nepal,&#8230;<\/p>\n","protected":false},"author":6,"featured_media":5496,"comment_status":"open","ping_status":"open","sticky":false,"template":"","format":"standard","meta":{"_acf_changed":false,"footnotes":""},"categories":[3],"tags":[35,27],"class_list":["post-5428","post","type-post","status-publish","format-standard","has-post-thumbnail","hentry","category-blogi","tag-arengukoostoo","tag-vabatahtlikud"],"acf":[],"_links":{"self":[{"href":"https:\/\/www.terveilm.ee\/leht\/wp-json\/wp\/v2\/posts\/5428","targetHints":{"allow":["GET"]}}],"collection":[{"href":"https:\/\/www.terveilm.ee\/leht\/wp-json\/wp\/v2\/posts"}],"about":[{"href":"https:\/\/www.terveilm.ee\/leht\/wp-json\/wp\/v2\/types\/post"}],"author":[{"embeddable":true,"href":"https:\/\/www.terveilm.ee\/leht\/wp-json\/wp\/v2\/users\/6"}],"replies":[{"embeddable":true,"href":"https:\/\/www.terveilm.ee\/leht\/wp-json\/wp\/v2\/comments?post=5428"}],"version-history":[{"count":0,"href":"https:\/\/www.terveilm.ee\/leht\/wp-json\/wp\/v2\/posts\/5428\/revisions"}],"wp:featuredmedia":[{"embeddable":true,"href":"https:\/\/www.terveilm.ee\/leht\/wp-json\/wp\/v2\/media\/5496"}],"wp:attachment":[{"href":"https:\/\/www.terveilm.ee\/leht\/wp-json\/wp\/v2\/media?parent=5428"}],"wp:term":[{"taxonomy":"category","embeddable":true,"href":"https:\/\/www.terveilm.ee\/leht\/wp-json\/wp\/v2\/categories?post=5428"},{"taxonomy":"post_tag","embeddable":true,"href":"https:\/\/www.terveilm.ee\/leht\/wp-json\/wp\/v2\/tags?post=5428"}],"curies":[{"name":"wp","href":"https:\/\/api.w.org\/{rel}","templated":true}]}}