{"id":5719,"date":"2015-08-13T16:40:44","date_gmt":"2015-08-13T13:40:44","guid":{"rendered":"http:\/\/www.terveilm.ee\/?p=5719"},"modified":"2015-10-01T06:25:05","modified_gmt":"2015-10-01T06:25:05","slug":"aku-sotsiaalmeedia-lehekulg-sai-uue-kuue","status":"publish","type":"post","link":"https:\/\/www.terveilm.ee\/leht\/blogi\/aku-sotsiaalmeedia-lehekulg-sai-uue-kuue\/","title":{"rendered":"AK\u00dc sotsiaalmeedia lehek\u00fclg sai uue kuue"},"content":{"rendered":"<p><strong>AK\u00dc sotsiaalmeedia lehek\u00fclg sai uue kuue! Varem arengukoost\u00f6\u00f6 nime kandnud Facebooki lehek\u00fclg on n\u00fc\u00fcd oluliselt selgema nimega Terveilm.<\/strong><\/p>\n<p>Nime vahetamise p\u00f5hjus on \u00fcsna lihtne \u2013 meie sotsiaalmeedia kanal r\u00e4\u00e4gib palju laiemalt terves ilmas toimuvast kui ainult arengukoost\u00f6\u00f6st. Sellep\u00e4rast tundus \u00f5ige aeg FB lehe nimi muuta selliseks, et ta rohkem sisu kajastaks. Terveilm on tuntud ka AK\u00dc kodulehe aadressina, nii et loodetavasti ei tekita see meie s\u00f5prade seas asjatut segadust.<\/p>\n<p>Tutvu Terveilm Facebooki lehek\u00fcljega <a href=\"https:\/\/www.facebook.com\/terveilm\">siit!<\/a><\/p>\n","protected":false},"excerpt":{"rendered":"<p>AK\u00dc sotsiaalmeedia lehek\u00fclg sai uue kuue! Varem arengukoost\u00f6\u00f6 nime kandnud Facebooki lehek\u00fclg on n\u00fc\u00fcd oluliselt selgema nimega Terveilm. Nime vahetamise&#8230;<\/p>\n","protected":false},"author":6,"featured_media":5720,"comment_status":"open","ping_status":"open","sticky":false,"template":"","format":"standard","meta":{"_acf_changed":false,"footnotes":""},"categories":[7],"tags":[31],"class_list":["post-5719","post","type-post","status-publish","format-standard","has-post-thumbnail","hentry","category-uudised","tag-aku"],"acf":[],"_links":{"self":[{"href":"https:\/\/www.terveilm.ee\/leht\/wp-json\/wp\/v2\/posts\/5719","targetHints":{"allow":["GET"]}}],"collection":[{"href":"https:\/\/www.terveilm.ee\/leht\/wp-json\/wp\/v2\/posts"}],"about":[{"href":"https:\/\/www.terveilm.ee\/leht\/wp-json\/wp\/v2\/types\/post"}],"author":[{"embeddable":true,"href":"https:\/\/www.terveilm.ee\/leht\/wp-json\/wp\/v2\/users\/6"}],"replies":[{"embeddable":true,"href":"https:\/\/www.terveilm.ee\/leht\/wp-json\/wp\/v2\/comments?post=5719"}],"version-history":[{"count":1,"href":"https:\/\/www.terveilm.ee\/leht\/wp-json\/wp\/v2\/posts\/5719\/revisions"}],"predecessor-version":[{"id":6144,"href":"https:\/\/www.terveilm.ee\/leht\/wp-json\/wp\/v2\/posts\/5719\/revisions\/6144"}],"wp:featuredmedia":[{"embeddable":true,"href":"https:\/\/www.terveilm.ee\/leht\/wp-json\/wp\/v2\/media\/5720"}],"wp:attachment":[{"href":"https:\/\/www.terveilm.ee\/leht\/wp-json\/wp\/v2\/media?parent=5719"}],"wp:term":[{"taxonomy":"category","embeddable":true,"href":"https:\/\/www.terveilm.ee\/leht\/wp-json\/wp\/v2\/categories?post=5719"},{"taxonomy":"post_tag","embeddable":true,"href":"https:\/\/www.terveilm.ee\/leht\/wp-json\/wp\/v2\/tags?post=5719"}],"curies":[{"name":"wp","href":"https:\/\/api.w.org\/{rel}","templated":true}]}}