{"id":5727,"date":"2015-08-18T10:52:44","date_gmt":"2015-08-18T07:52:44","guid":{"rendered":"http:\/\/www.terveilm.ee\/?p=5727"},"modified":"2015-08-18T10:52:44","modified_gmt":"2015-08-18T07:52:44","slug":"varske-uuring-lapstoojou-kasutamine-on-levinum-kui-varem","status":"publish","type":"post","link":"https:\/\/www.terveilm.ee\/leht\/blogi\/varske-uuring-lapstoojou-kasutamine-on-levinum-kui-varem\/","title":{"rendered":"Uuring: lapst\u00f6\u00f6j\u00f5u kasutamine on levinum kui varem"},"content":{"rendered":"<p><strong>Suvel\u00a0avaldatud uuring v\u00e4idab, et lapst\u00f6\u00f6j\u00f5u kasutamine kakaokasvandustes on t\u00f5usuteel. Vaesuse ja kakaoturu hinnasurve t\u00f5ttu on L\u00e4\u00e4ne-Aafrika kasvandustesse t\u00f6\u00f6le sunnitud pea 360 000 last rohkem kui viis aastat tagasi. Kokku t\u00f6\u00f6tas 2013\/2014 aastatel kasvandustes \u00fcle kahe miljoni lapse, kellest suurem osa kannatas ka tervistkahjustavate t\u00f6\u00f6tingimuste k\u00e4es.<\/strong><\/p>\n<p>Ameerika \u00dchendriikides asuva Tulane \u00dclikooli poolt l\u00e4bi viidud uuring viitab, et hinnasurve ja vaesuse t\u00f5ttu kasutab aina rohkem kakaokasvatajaid lapst\u00f6\u00f6j\u00f5udu. Kriitiline on olukord just L\u00e4\u00e4ne-Aafrika kasvandustes, kust p\u00e4rineb umbes 70% kogu maailma kakaost \u2013 sealhulgas ka suurem osa Eesti turule j\u00f5udvast kakao- ja \u0161okolaaditoodete toorainest.<\/p>\n<p>Pidevalt kasvava kakaon\u00f5udluse ning hinnasurve t\u00f5ttu ei suuda aga talunikud hooajat\u00f6\u00f6listele makstavat palka endale lubada ning puuduj\u00e4\u00e4gi katmiseks rakendatakse t\u00f6\u00f6le lapsed. Viimase viie aasta jooksul on L\u00e4\u00e4ne-Aafrika kakaokasvandustes t\u00f6\u00f6tavate laste arv t\u00f5usnud 360 000 v\u00f5rra, k\u00fc\u00fcndides eelmisel aastal juba \u00fche kahe miljoni lapseni.<\/p>\n<p>\u201cLapst\u00f6\u00f6j\u00f5u kasutamist tingib vaesus. Kui \u0161okolaadit\u00f6\u00f6stus v\u00f5taks t\u00f5siselt oma lubadust lapst\u00f6\u00f6j\u00f5u kasutamist 2020. aastaks 70% v\u00f5rra v\u00e4hendada, peaks esmalt r\u00f5huma talunike absoluutsest vaesusest v\u00e4lja toomisele.\u201d Selgitab rahvusvahelise kampaania \u201cMake Chocolate Fair!\u201d ehk \u201c\u0160okolaad \u00f5iglaseks!\u201d juht Evelyn Bahn. \u201cSuurem saagikus, mida t\u00f6\u00f6stus talunikelt n\u00f5uab, vajab aga rohkem t\u00f6\u00f6j\u00f5udu. Kuna t\u00f6\u00f6tajatele palga maksmiseks raha puudub, tulebki m\u00e4ngu lapst\u00f6\u00f6j\u00f5ud.\u201d Rahvusvaheline kampaania, millele saab allkirju anda ka Eestis, n\u00f5uab suurtelt \u0161okolaadit\u00f6\u00f6stustelt vastutustundlikumat k\u00e4itumist ning lapst\u00f6\u00f6j\u00f5u kasutamise keelustamist.<\/p>\n<p>Eestis \u201cMake Chocolate Fair!\u201d kampaaniat eest vedava MT\u00dc Mondo juhatuse liikme Riina Kuusik-Rajasaare s\u00f5nul on eriti suur probleem lapst\u00f6\u00f6j\u00f5u kasutamine \u00fcheskoos p\u00f5llumajanduskemikaalide suureneva rakendamisega. Aina kasvava kakaon\u00f5udluse t\u00f5ttu on paljud talunikud hakanud kasutama rohkem pestitsiide, herbitsiide ja v\u00e4etist. Nii oli eelmisel aastal Ghana ja Elevandiluuranniku kasvandustes t\u00f6\u00f6l pea 500 000 last, kes puutusid tervist kahjustavate p\u00f5llumajanduskemikaalidega otseselt kokku.<\/p>\n<p>\u201cOn t\u00e4htis m\u00f5ista, et lapst\u00f6\u00f6 on 5 kuni 17-aastaste laste poolt tehtav t\u00f6\u00f6, mis r\u00f6\u00f6vib selle tegijatelt v\u00f5imaluse lapsep\u00f5lvele, v\u00e4\u00e4rikusele ning oma potentsiaali rakendamisele,\u201d lisas Kuusik-Rajasaar, \u201clapst\u00f6\u00f6 on kahjulik laste vaimsele ja f\u00fc\u00fcsilisele arengule ning takistab koolis k\u00e4imist v\u00f5i ohustab tervist.\u201d Nii n\u00e4iteks ei loeta kodustes toimetustes perekonna abistamist v\u00f5i noorte seadusekohast hooajat\u00f6\u00f6d lapst\u00f6\u00f6ks, samas kui koolis k\u00e4imise asemel kakaokasvandustes pikki tunde raskete koormate kandmine, mat\u0161eetega kakaoubade korjamine ning p\u00f5llumajandusm\u00fcrkide kasutamine liigitub lapst\u00f6\u00f6ks.<\/p>\n<p>Kakaot\u00f6\u00f6stustelt vastutustundlikumat k\u00e4itumist n\u00f5udev kampaania on Euroopas kogunud juba \u00fcle saja tuhande allkirja. Oma toetust lapst\u00f6\u00f6j\u00f5u kaotamisele saab n\u00e4idata kampaanialehel\u00a0<a href=\"http:\/\/et.makechocolatefair.org\/\">et.makechocolatefair.org<\/a>\u00a0v\u00f5i ostes \u0161okolaadi, millel on kakao eetilist p\u00e4ritolu t\u00f5estav sertifikaat.<\/p>\n","protected":false},"excerpt":{"rendered":"<p>Suvel\u00a0avaldatud uuring v\u00e4idab, et lapst\u00f6\u00f6j\u00f5u kasutamine kakaokasvandustes on t\u00f5usuteel. Vaesuse ja kakaoturu hinnasurve t\u00f5ttu on L\u00e4\u00e4ne-Aafrika kasvandustesse t\u00f6\u00f6le sunnitud pea&#8230;<\/p>\n","protected":false},"author":6,"featured_media":5728,"comment_status":"open","ping_status":"open","sticky":false,"template":"","format":"standard","meta":{"_acf_changed":false,"footnotes":""},"categories":[3],"tags":[23,33,24],"class_list":["post-5727","post","type-post","status-publish","format-standard","has-post-thumbnail","hentry","category-blogi","tag-inimoigused","tag-majandus","tag-tarbimine"],"acf":[],"_links":{"self":[{"href":"https:\/\/www.terveilm.ee\/leht\/wp-json\/wp\/v2\/posts\/5727","targetHints":{"allow":["GET"]}}],"collection":[{"href":"https:\/\/www.terveilm.ee\/leht\/wp-json\/wp\/v2\/posts"}],"about":[{"href":"https:\/\/www.terveilm.ee\/leht\/wp-json\/wp\/v2\/types\/post"}],"author":[{"embeddable":true,"href":"https:\/\/www.terveilm.ee\/leht\/wp-json\/wp\/v2\/users\/6"}],"replies":[{"embeddable":true,"href":"https:\/\/www.terveilm.ee\/leht\/wp-json\/wp\/v2\/comments?post=5727"}],"version-history":[{"count":0,"href":"https:\/\/www.terveilm.ee\/leht\/wp-json\/wp\/v2\/posts\/5727\/revisions"}],"wp:featuredmedia":[{"embeddable":true,"href":"https:\/\/www.terveilm.ee\/leht\/wp-json\/wp\/v2\/media\/5728"}],"wp:attachment":[{"href":"https:\/\/www.terveilm.ee\/leht\/wp-json\/wp\/v2\/media?parent=5727"}],"wp:term":[{"taxonomy":"category","embeddable":true,"href":"https:\/\/www.terveilm.ee\/leht\/wp-json\/wp\/v2\/categories?post=5727"},{"taxonomy":"post_tag","embeddable":true,"href":"https:\/\/www.terveilm.ee\/leht\/wp-json\/wp\/v2\/tags?post=5727"}],"curies":[{"name":"wp","href":"https:\/\/api.w.org\/{rel}","templated":true}]}}