{"id":6447,"date":"2015-10-05T13:55:00","date_gmt":"2015-10-05T10:55:00","guid":{"rendered":"http:\/\/www.terveilm.ee\/leht\/?p=6447"},"modified":"2015-10-08T14:29:03","modified_gmt":"2015-10-08T11:29:03","slug":"kas-eestlased-teavad-mida-tarbivad","status":"publish","type":"post","link":"https:\/\/www.terveilm.ee\/leht\/blogi\/kas-eestlased-teavad-mida-tarbivad\/","title":{"rendered":"Kas eestlased teavad, mida tarbivad?"},"content":{"rendered":"<p><strong>5. oktoobril\u00a0algas kampaania &#8220;Sinu otsusel on j\u00f5ud! Kas tead, mida tarbid?\u201d Arengukoost\u00f6\u00f6 aastale p\u00fchendatud kampaania n\u00e4itab seoseid Eesti tarbija ja arengumaa inimeste vahel, kummutab m\u00fc\u00fcte arenguriikide kohta ja annab infot, kuidas teha h\u00e4id otsuseid ilma \u00e4\u00e4rmuslike muutusteta eluviisis.<\/strong><\/p>\n<p>Arengukoost\u00f6\u00f6 \u00dcmarlaua juht Piret Hirv: \u201cV\u00f5ime \u00f6elda, et arengukoost\u00f6\u00f6 on suhe riikide vahel, tarbimine on suhe inimeste vahel. Arengukoost\u00f6\u00f6 projektid aitavad rajada koole ja haiglaid, koolitada \u00f5petajaid ja arste. Meie tarbimisest s\u00f5ltub, kas sealsed inimesed saavad m\u00f5istlikes tingimustes t\u00f6\u00f6d teha ja piisavalt palka, et enda lapsed kooli panna ning arstil k\u00e4ia.\u201d<\/p>\n<p>Kuigi tarbimise ja keskkonnateemade kohta on viimasel ajal j\u00e4rjest rohkem infot, kummitavad inimesi k\u00fcsimused, millele on raske kiiresti lihtsat vastust leida. Kas Eestis tehtud ost saab t\u00f5esti arenguriigis elava tootja elu paremaks muuta? Kas peaksin eelistama kodumaist v\u00f5i just arenguriigi toodet, et sealsetele inimestele t\u00f6\u00f6d anda? Euroopa Liit on ju maailma suurim arenguabi andja, kas sellest ei piisa? Siinsamas kodulehel\u00a0annab Arengukoost\u00f6\u00f6 \u00dcmarlaud infot ja soovitusi, et infost \u00fclek\u00fcllastunud maailmas otsustamist veidi lihtsamaks muuta.<\/p>\n<p>Koos kampaaniaga alustab ka n\u00e4dalane v\u00e4ljakutse \u201cHarjumusest tugevam\u201d. Kutsume inimesi n\u00e4dala jooksul proovima lihtsaid asju &#8211; loobuma pudeliveest, topsijookidest ja kilekottidest, \u00fchel p\u00e4eval mitte autot kasutama ja liha s\u00f6\u00f6ma. V\u00e4ljakutse \u00fcheksa \u00fclesande ja p\u00f5hjendustega saab <a href=\"http:\/\/www.terveilm.ee\/leht\/blogi\/harjumusest-tugevam\">tutvuda siin<\/a>. Tagasisidet selle kohta, kuidas n\u00e4dal l\u00e4ks, ootame <a href=\"https:\/\/www.facebook.com\/events\/470817899765130\/\" target=\"_blank\">Facebooki s\u00fcndmuse lehel<\/a>.<\/p>\n<p>Lisaks avab 7. oktoobril Telliskivi Loomelinnakus ja 15. oktoobril Tartu kesklinnas uksed eetilise tee ja kohvi pop-up kohvik, kus tee- ja kohvis\u00f5pru ootab ees v\u00e4ike eksperiment ja \u00fcllatused.<\/p>\n<p>Meediakampaania kestab kolm n\u00e4dalat, kuni 25. oktoobrini. Teavitus toimub Euroopa Arengukoost\u00f6\u00f6 Aasta raames ja seda rahastab Euroopa Komisjon.<\/p>\n<p style=\"text-align: center;\"><a href=\"http:\/\/www.terveilm.ee\/leht\/wp-content\/uploads\/2015\/10\/Logod1.png\"><img loading=\"lazy\" decoding=\"async\" class=\"alignnone size-full wp-image-6448\" src=\"http:\/\/www.terveilm.ee\/leht\/wp-content\/uploads\/2015\/10\/Logod1.png\" alt=\"Logod\" width=\"508\" height=\"239\" srcset=\"https:\/\/www.terveilm.ee\/leht\/wp-content\/uploads\/2015\/10\/Logod1.png 508w, https:\/\/www.terveilm.ee\/leht\/wp-content\/uploads\/2015\/10\/Logod1-300x141.png 300w\" sizes=\"auto, (max-width: 508px) 100vw, 508px\" \/><\/a><\/p>\n","protected":false},"excerpt":{"rendered":"<p>5. oktoobril\u00a0algas kampaania &#8220;Sinu otsusel on j\u00f5ud! Kas tead, mida tarbid?\u201d Arengukoost\u00f6\u00f6 aastale p\u00fchendatud kampaania n\u00e4itab seoseid Eesti tarbija ja&#8230;<\/p>\n","protected":false},"author":32,"featured_media":6449,"comment_status":"open","ping_status":"open","sticky":false,"template":"","format":"standard","meta":{"_acf_changed":false,"footnotes":""},"categories":[3],"tags":[35,24],"class_list":["post-6447","post","type-post","status-publish","format-standard","has-post-thumbnail","hentry","category-blogi","tag-arengukoostoo","tag-tarbimine"],"acf":[],"_links":{"self":[{"href":"https:\/\/www.terveilm.ee\/leht\/wp-json\/wp\/v2\/posts\/6447","targetHints":{"allow":["GET"]}}],"collection":[{"href":"https:\/\/www.terveilm.ee\/leht\/wp-json\/wp\/v2\/posts"}],"about":[{"href":"https:\/\/www.terveilm.ee\/leht\/wp-json\/wp\/v2\/types\/post"}],"author":[{"embeddable":true,"href":"https:\/\/www.terveilm.ee\/leht\/wp-json\/wp\/v2\/users\/32"}],"replies":[{"embeddable":true,"href":"https:\/\/www.terveilm.ee\/leht\/wp-json\/wp\/v2\/comments?post=6447"}],"version-history":[{"count":4,"href":"https:\/\/www.terveilm.ee\/leht\/wp-json\/wp\/v2\/posts\/6447\/revisions"}],"predecessor-version":[{"id":6453,"href":"https:\/\/www.terveilm.ee\/leht\/wp-json\/wp\/v2\/posts\/6447\/revisions\/6453"}],"wp:featuredmedia":[{"embeddable":true,"href":"https:\/\/www.terveilm.ee\/leht\/wp-json\/wp\/v2\/media\/6449"}],"wp:attachment":[{"href":"https:\/\/www.terveilm.ee\/leht\/wp-json\/wp\/v2\/media?parent=6447"}],"wp:term":[{"taxonomy":"category","embeddable":true,"href":"https:\/\/www.terveilm.ee\/leht\/wp-json\/wp\/v2\/categories?post=6447"},{"taxonomy":"post_tag","embeddable":true,"href":"https:\/\/www.terveilm.ee\/leht\/wp-json\/wp\/v2\/tags?post=6447"}],"curies":[{"name":"wp","href":"https:\/\/api.w.org\/{rel}","templated":true}]}}