{"id":6601,"date":"2015-11-16T14:39:58","date_gmt":"2015-11-16T12:39:58","guid":{"rendered":"http:\/\/www.terveilm.ee\/leht\/?p=6601"},"modified":"2015-11-16T14:39:58","modified_gmt":"2015-11-16T12:39:58","slug":"arengukoostoo-umarlaud-otsib-tegevjuhti","status":"publish","type":"post","link":"https:\/\/www.terveilm.ee\/leht\/blogi\/arengukoostoo-umarlaud-otsib-tegevjuhti\/","title":{"rendered":"Arengukoost\u00f6\u00f6 \u00dcmarlaud otsib tegevjuhti"},"content":{"rendered":"<p><strong>Arengukoost\u00f6\u00f6 \u00dcmarlaud on katuseorganisatsioon Eesti arengukoost\u00f6\u00f6 ja humanitaarabi \u00a0organisatsioonidele. AK\u00dc t\u00f6\u00f6tab selle nimel, et Eesti teeks head ja m\u00f5jukat arengukoost\u00f6\u00f6d, mis aitab kaasa \u00fcleilmsete s\u00e4\u00e4stva arengu eesm\u00e4rkide saavutamisele.<\/strong><\/p>\n<p>Otsime oma meeskonda<b> TEGEVJUHTI<\/b><span style=\"font-weight: 400;\">, \u00a0kelle t\u00f6\u00f6\u00fclesanded on<\/span><\/p>\n<ul>\n<li><span style=\"font-weight: 400;\">Eesti ja rahvusvahelise arengukoost\u00f6\u00f6 poliitika kujundamises osalemine<\/span><\/li>\n<li><span style=\"font-weight: 400;\">AK\u00dc liikmete esindamine ja nende huvide kaitsmine<\/span><\/li>\n<li><span style=\"font-weight: 400;\">AK\u00dcga seotud meeskonna ning liikmev\u00f5rgustiku v\u00f5imekuse arendamine<\/span><\/li>\n<li><span style=\"font-weight: 400;\">AK\u00dc majandustegevuse juhtimine ja AK\u00dc tegevustele rahastusallikate leidmine<\/span><\/li>\n<li><span style=\"font-weight: 400;\">AK\u00dc organisatsiooni eluj\u00f5ulisuse suurendamine strateegiliste tegevuste arendamise ja rahvusvahelise koost\u00f6\u00f6 kaudu<\/span><\/li>\n<\/ul>\n<p><b>Sa v\u00f5id meile sobida, kui:<\/b><\/p>\n<ul>\n<li><span style=\"font-weight: 400;\">Tunned suurt huvi arengukoost\u00f6\u00f6 teemade vastu<\/span><\/li>\n<li><span style=\"font-weight: 400;\">Sind iseloomustavad strateegiline m\u00f5tlemine, \u00fcldistusv\u00f5ime, ladus ja veenev suhtlemisstiil ning head l\u00e4bir\u00e4\u00e4kimisoskused<\/span><\/li>\n<li><span style=\"font-weight: 400;\">Oled algatusv\u00f5imeline, eestvedav ja ettev\u00f5tlik, sead julgeid ja saavutatavaid sihte endale ja oma koost\u00f6\u00f6partneritele<\/span><span style=\"font-weight: 400;\">\u00a0 \u00a0 \u00a0 \u00a0\u00a0<\/span><\/li>\n<li><span style=\"font-weight: 400;\">Talud tervislikus koguses b\u00fcrokraatiat ja asjaajamist<\/span><span style=\"font-weight: 400;\">\u00a0<\/span><\/li>\n<li><span style=\"font-weight: 400;\">Valdad suurep\u00e4raselt eesti ja inglise keelt nii k\u00f5nes kui kirjas<\/span><\/li>\n<\/ul>\n<p><b>Tuleb kasuks kui:<\/b><\/p>\n<ul>\n<li><span style=\"font-weight: 400;\">Valdad ka vene keelt<\/span><\/li>\n<li><span style=\"font-weight: 400;\">\u00a0<\/span><span style=\"font-weight: 400;\">Oled juhtinud projekte v\u00f5i tervet asutust ennast<\/span><\/li>\n<li><span style=\"font-weight: 400;\">\u00a0<\/span><span style=\"font-weight: 400;\">Sul on kokkupuude eestkoste- ja huvikaitsetegevustega m\u00f5ne olulise sihtgrupi kaitseks<\/span><\/li>\n<li><span style=\"font-weight: 400;\">\u00a0<\/span><span style=\"font-weight: 400;\">Arengukoost\u00f6\u00f6 teemad on sulle juba h\u00e4sti tuttavad<\/span><\/li>\n<\/ul>\n<p><b>Miks meil on tore t\u00f6\u00f6tada?<\/b><\/p>\n<ul>\n<li><span style=\"font-weight: 400;\">Saad reaalse v\u00f5imaluse maailma muuta, tehes konstruktiivseid ettepanekuid v\u00e4ikse, aga paindliku riigi poliitikate kujundamiseks<\/span><\/li>\n<li><span style=\"font-weight: 400;\">T\u00f6\u00f6koht avardab s\u00f5na otseses m\u00f5ttes silmaringi \u2013 arengukoost\u00f6\u00f6 h\u00f5lmab v\u00e4ga palju erinevaid teemasid alates inim\u00f5igustest ja tervise edendamisest kuni kohalike v\u00e4ikeettev\u00f5tete toetamiseni \u00fcle kogu maailma;<\/span><\/li>\n<li><span style=\"font-weight: 400;\">T\u00f6\u00f6 on mitmekesine ja vaheldusrikas;<\/span><\/li>\n<li><span style=\"font-weight: 400;\">T\u00e4ist\u00f6\u00f6aeg ei t\u00e4henda kontoris istutud aega, vaid reaalset panust<\/span><\/li>\n<\/ul>\n<p><b>Lisainfo:<\/b><\/p>\n<p><b>N\u00f5utud keeled:<\/b><span style=\"font-weight: 400;\"> eesti, inglise, (vene)<\/span><\/p>\n<p><b>Koormus:<\/b><span style=\"font-weight: 400;\"> t\u00e4ist\u00f6\u00f6aeg. Juhatuse liikme leping s\u00f5lmitakse 2018. aasta l\u00f5puni<\/span><\/p>\n<p><b>T\u00f6\u00f6le asumise aeg:<\/b><span style=\"font-weight: 400;\"> 2016. aasta algus<\/span><\/p>\n<p><b>T\u00f6\u00f6koht asub <\/b><span style=\"font-weight: 400;\">Tallinna kesklinnas<\/span><\/p>\n<p><span style=\"font-weight: 400;\">Saada oma elulookirjeldus koos palgasoovi ja motivatsioonikirjaga <\/span><b>m\u00e4rks\u00f5naga \u201ctegevjuht\u201d aadressile piret@terveilm.ee hiljemalt 28.11.2015<\/b><span style=\"font-weight: 400;\">. Motivatsioonikirjas soovime eelk\u00f5ige teada saada Sinu motivatsiooni kohta (siin ei mingit \u00fcllatust) ning sellest, missuguseid olulisi tegevusi v\u00f5iks AK\u00dc Eesti arengukoost\u00f6\u00f6 edendamiseks ette v\u00f5tta.<\/span><\/p>\n<p><span style=\"font-weight: 400;\">Lisainfo saamiseks ja k\u00fcsimuste korral kirjuta <\/span><a href=\"mailto:piret@terveilm.ee\"><span style=\"font-weight: 400;\">piret@terveilm.ee<\/span><\/a><span style=\"font-weight: 400;\">, AK\u00dc tegevuste kohta uuri rohkem siit: <\/span><a href=\"http:\/\/www.terveilm.ee\/leht\/meist\/organisatsioon\/\"><span style=\"font-weight: 400;\">http:\/\/www.terveilm.ee\/leht\/meist\/organisatsioon\/<\/span><\/a><\/p>\n<p>&nbsp;<\/p>\n","protected":false},"excerpt":{"rendered":"<p>Arengukoost\u00f6\u00f6 \u00dcmarlaud on katuseorganisatsioon Eesti arengukoost\u00f6\u00f6 ja humanitaarabi \u00a0organisatsioonidele. AK\u00dc t\u00f6\u00f6tab selle nimel, et Eesti teeks head ja m\u00f5jukat arengukoost\u00f6\u00f6d,&#8230;<\/p>\n","protected":false},"author":6,"featured_media":3881,"comment_status":"open","ping_status":"open","sticky":false,"template":"","format":"standard","meta":{"_acf_changed":false,"footnotes":""},"categories":[7],"tags":[31],"class_list":["post-6601","post","type-post","status-publish","format-standard","has-post-thumbnail","hentry","category-uudised","tag-aku"],"acf":[],"_links":{"self":[{"href":"https:\/\/www.terveilm.ee\/leht\/wp-json\/wp\/v2\/posts\/6601","targetHints":{"allow":["GET"]}}],"collection":[{"href":"https:\/\/www.terveilm.ee\/leht\/wp-json\/wp\/v2\/posts"}],"about":[{"href":"https:\/\/www.terveilm.ee\/leht\/wp-json\/wp\/v2\/types\/post"}],"author":[{"embeddable":true,"href":"https:\/\/www.terveilm.ee\/leht\/wp-json\/wp\/v2\/users\/6"}],"replies":[{"embeddable":true,"href":"https:\/\/www.terveilm.ee\/leht\/wp-json\/wp\/v2\/comments?post=6601"}],"version-history":[{"count":5,"href":"https:\/\/www.terveilm.ee\/leht\/wp-json\/wp\/v2\/posts\/6601\/revisions"}],"predecessor-version":[{"id":6606,"href":"https:\/\/www.terveilm.ee\/leht\/wp-json\/wp\/v2\/posts\/6601\/revisions\/6606"}],"wp:featuredmedia":[{"embeddable":true,"href":"https:\/\/www.terveilm.ee\/leht\/wp-json\/wp\/v2\/media\/3881"}],"wp:attachment":[{"href":"https:\/\/www.terveilm.ee\/leht\/wp-json\/wp\/v2\/media?parent=6601"}],"wp:term":[{"taxonomy":"category","embeddable":true,"href":"https:\/\/www.terveilm.ee\/leht\/wp-json\/wp\/v2\/categories?post=6601"},{"taxonomy":"post_tag","embeddable":true,"href":"https:\/\/www.terveilm.ee\/leht\/wp-json\/wp\/v2\/tags?post=6601"}],"curies":[{"name":"wp","href":"https:\/\/api.w.org\/{rel}","templated":true}]}}