{"id":6795,"date":"2016-02-05T10:00:52","date_gmt":"2016-02-05T08:00:52","guid":{"rendered":"http:\/\/www.terveilm.ee\/leht\/?p=6795"},"modified":"2016-02-05T10:00:52","modified_gmt":"2016-02-05T08:00:52","slug":"aku-tahistab-sunnipaeva-ja-tegusat-aastat","status":"publish","type":"post","link":"https:\/\/www.terveilm.ee\/leht\/blogi\/aku-tahistab-sunnipaeva-ja-tegusat-aastat\/","title":{"rendered":"AK\u00dc t\u00e4histab s\u00fcnnip\u00e4eva ja tegusat aastat"},"content":{"rendered":"<p><b>Arengukoost\u00f6\u00f6 \u00dcmarlaual on t\u00e4na s\u00fcnnip\u00e4ev! <\/b><b>AK\u00dc ajaloo algust t\u00e4histab k\u00fcll aasta 2002, mil organisatsioon esmakordselt kokku kutsuti, kuid ametlikult saime <\/b><b>9-aastaseks. Erilise p\u00e4eva t\u00e4histamiseks vaatame tagasi tegusalt m\u00f6\u00f6dunud aastale.<\/b><\/p>\n<p><b>Arengukoost\u00f6\u00f6 poliitika edendamine<\/b><\/p>\n<p><span style=\"font-weight: 400;\">2015. aasta oli Euroopas arengukoost\u00f6\u00f6 aasta. \u00a0\u00dcle maailma peeti viimaseid kestliku arengu eesm\u00e4rkide l\u00e4bir\u00e4\u00e4kimisi. Septembris v\u00f5eti <\/span><span>\u00dcRO<\/span><span style=\"font-weight: 400;\"> tippkohtumisel vastu deklaratsoon nimega \u201cMuudame maailma: s\u00e4\u00e4stva arengu tegevuskava aastaks 2030\u201d, mis sisaldab 17 \u00fclemaailmset s\u00e4\u00e4stva arengu eesm\u00e4rki. Tegemist on kokkuleppega, mis kehtib k\u00f5ikidele riikidele pea k\u00f5ikides poliitikavaldkondades.<\/span><\/p>\n<p><span style=\"font-weight: 400;\">Eesti erakondlik poliitika paistis silma eelk\u00f5ige keskendudes meile l\u00e4hematele ehk Ukraina ja Idapartnerluse teemadele. M\u00e4rkima peab, et pagulasarutelu t\u00f5i l\u00f5puks k\u00f5ik erakonnad \u00fchele meelele: arengukoost\u00f6\u00f6d on vaja rahastada! Valimiskampaania ajal vaatasime \u00fcle erakonna programmid ning panime Arvamusfestivalil \u201cEesti maailmas\u201d alal v\u00e4lispoliitika raskekahurv\u00e4e arutlema teemal \u201cKas Eesti peaks andma rohkem arenguabi?\u201d. <\/span><\/p>\n<p><span style=\"font-weight: 400;\">Lisaks arvamuste jagamisele festivalil korraldasime Maailmap\u00e4eva konverentsi \u201c\u00d5ppetunnid maailmast maailmale: m\u00f5jukama Eesti arengukoost\u00f6\u00f6ni\u201d. Seekord r\u00e4\u00e4kisime efektiivsusest ja arutlesime, kas head n\u00e4ited v\u00f5iks eeskujuna ka mujal maailma paikades positiivseid tulemusi tuua.<\/span><\/p>\n<p>2015. aastal keskendusime suuresti uue arengukoost\u00f6\u00f6 arengukava l\u00e4bi m\u00f5tlemisele. Nii soovimegi 2020. aastaks j\u00f5uda n\u00e4iteks korrastatud rahastuseni, parema poliitikate sidususeni arengueesm\u00e4rkidega v\u00f5i l\u00e4hemale valdkonna tulemuste m\u00f5\u00f5tmiseks. Kusjuures, juba esimesi arengukoost\u00f6\u00f6 m\u00f5\u00f5tmisviise vaadatakse praegu koos Civitta abiga \u00fcle.<\/p>\n<p><span style=\"font-weight: 400;\">Eelmise aasta l\u00f5pust oleme ka s\u00e4\u00e4stva arengu komisjoni liige, kus r\u00e4\u00e4gime l\u00e4bivalt kaasa kestliku arengu eesm\u00e4rkide saavutamisele Eestis ja toome sisse vaateid arengukoost\u00f6\u00f6 valdkonnast. Samuti on kasvanud AK\u00dc liikmete arv. Meiega liitusid vaba\u00fchendused Kodanikukoolitus ja Sillam\u00e4e Lastekaitse \u00dching. Ise oleme n\u00fc\u00fcd 31-liikmelised!<\/span><\/p>\n<p><b>Avalikkuse teavitamine ja kaasamine<\/b><\/p>\n<p><span style=\"font-weight: 400;\">Traditsiooniliselt toimus maikuus Maailmap\u00e4ev. Koguperep\u00e4eval osales \u00fcle 20 organisatsiooni, avatud oli Mondo \u00d5iglane kohvik, m\u00e4ngiti FC Levadia ja SPIN programmi noorte osalusel ebav\u00f5rdset jalgpalli ning NO99 Tantsulaagri abiga sai vabas \u00f5hus maailmamuusika j\u00e4rgi tantsida. Sel korral vedas \u00fcle mitme aasta p\u00e4ikesepaistelise ilmaga, mis meelitas Vabaduse V\u00e4ljakule palju k\u00fclastajaid. Esinesid Bombillaz ja Ukraina b\u00e4nd Haydamaky. P\u00e4eva l\u00f5petas Kongost p\u00e4rit r\u00e4ppartist Baloji. Kokkuv\u00f5tteks mitu kuud intensiivset korraldust\u00f6\u00f6d ja pingutusi, kuid teavitusp\u00e4ev oli seda v\u00e4\u00e4rt! <\/span><\/p>\n<p><span style=\"font-weight: 400;\">Maailmap\u00e4eva raames avaldasime ka temaatilise erilehe \u201cLapsed terves ilmas\u201d, mida oli v\u00f5imalik lugeda eesti- ja venekeelse Linnalehe ning \u00d5htulehe paberv\u00e4ljaandest. Peale selle olid artiklid mitu n\u00e4dalat \u00fcleval erirubriigina \u00d5htulehe veebis. Kel veel huvi, v\u00f5ib erilehte lugeda <\/span><a href=\"http:\/\/issuu.com\/terveilm\/docs\/maailmap__ev___htuleht\"><span style=\"font-weight: 400;\">siit<\/span><\/a><span style=\"font-weight: 400;\">!<\/span><\/p>\n<p><span style=\"font-weight: 400;\">V\u00e4lisministeeriumi toel saatsime eelmisel aastal arengumaadesse kohalikku kogukonda arendama 9 vabatahtlikku. \u00dcks projekt leidis aset Nepalis v\u00e4ikeses Khahare k\u00fclakeses. Nepali maav\u00e4rina katastroof andis idee koos Bombillazega maav\u00e4rina ohvrite jaoks heategevuskontsert korraldada. Tulud ja kohapeal tehtud annetused viis vabatahtlik Triinu Tamm isiklikult Nepali, et seal maav\u00e4rinakindla maja ehitamisega algust teha. Niisiis alustasime teavitust\u00f6\u00f6ga \u00f5ige varakult. Kommunikatsioonispetsialisti abiga on vabatahtlikud tubli teavitust\u00f6\u00f6d teinud ka kodumaale naasnuna. Kogemust on jagatud l\u00e4bi mitmete avalike esinemiste ja erinevate meediav\u00e4ljaannete. <\/span><\/p>\n<p><span style=\"font-weight: 400;\">Lisaks muule oli AK\u00dcl v\u00f5imalus l\u00e4bi viia Euroopa arengukoost\u00f6\u00f6 aasta kampaania.Nii v\u00f5iski terve oktoobrikuu v\u00e4ltel n\u00e4ha sotsiaalkampaania \u201cSinu otsusel on j\u00f5ud! Kas tead, mida tarbid?\u201d reklaame linnapildis, \u00fchistranspordi ekraanidel, kinodes ja populaarsetest telekanalitest. Tallinnas ja Tartus seadsime \u00fcles pop-up kohviku. Jagasime kummaski linnas k\u00fclastajatele eetilise m\u00e4rgiga teed ja kohvi ning selgitasime erinevaid v\u00f5imalusi, kuidas iga\u00fcks saab panustada, et aidata kaasa arengumaade inimeste eluj\u00e4rje parandamisele. Head m\u00f5tted ja soovid said markeriga valgele tahvlile kirja ja pildile. Vaata albumit <\/span><a href=\"http:\/\/www.terveilm.ee\/leht\/blogi\/fotod-eetiline-pop-up-kohvik-tallinnas-ja-tartus\/\"><span style=\"font-weight: 400;\">siit<\/span><\/a><span style=\"font-weight: 400;\">! Kampaania k\u00e4igus sai uue kuue ka AK\u00dc kodulehek\u00fclg, mis on eelmisest mugavam ja lihtsam, aidates oluliselt kaasa teavituse t\u00f5hususele ka tulevikus. <\/span><\/p>\n<p><b>T\u00e4nu liikmetele ja koost\u00f6\u00f6partneritele<\/b><\/p>\n<p><span style=\"font-weight: 400;\">Suur t\u00e4nu k\u00f5ikidele liikmetele ja koost\u00f6\u00f6partneritele! Koos j\u00e4tkame missiooni, et kaasata Eesti avalikkust, organisatsioone ning riiki v\u00f5tma aktiivset rolli arengukoost\u00f6\u00f6s ja globaalses solidaarsuses.<\/span><\/p>\n<p><span style=\"font-weight: 400;\">J\u00e4rgmiste tegudeni!<\/p>\n<p><em>Kaanefoto: Maailmap\u00e4ev 2015<\/em><\/span><\/p>\n","protected":false},"excerpt":{"rendered":"<p>Arengukoost\u00f6\u00f6 \u00dcmarlaual on t\u00e4na s\u00fcnnip\u00e4ev! AK\u00dc ajaloo algust t\u00e4histab k\u00fcll aasta 2002, mil organisatsioon esmakordselt kokku kutsuti, kuid ametlikult saime&#8230;<\/p>\n","protected":false},"author":6,"featured_media":6797,"comment_status":"open","ping_status":"open","sticky":false,"template":"","format":"standard","meta":{"_acf_changed":false,"footnotes":""},"categories":[7],"tags":[31,29],"class_list":["post-6795","post","type-post","status-publish","format-standard","has-post-thumbnail","hentry","category-uudised","tag-aku","tag-sundmused"],"acf":[],"_links":{"self":[{"href":"https:\/\/www.terveilm.ee\/leht\/wp-json\/wp\/v2\/posts\/6795","targetHints":{"allow":["GET"]}}],"collection":[{"href":"https:\/\/www.terveilm.ee\/leht\/wp-json\/wp\/v2\/posts"}],"about":[{"href":"https:\/\/www.terveilm.ee\/leht\/wp-json\/wp\/v2\/types\/post"}],"author":[{"embeddable":true,"href":"https:\/\/www.terveilm.ee\/leht\/wp-json\/wp\/v2\/users\/6"}],"replies":[{"embeddable":true,"href":"https:\/\/www.terveilm.ee\/leht\/wp-json\/wp\/v2\/comments?post=6795"}],"version-history":[{"count":1,"href":"https:\/\/www.terveilm.ee\/leht\/wp-json\/wp\/v2\/posts\/6795\/revisions"}],"predecessor-version":[{"id":6798,"href":"https:\/\/www.terveilm.ee\/leht\/wp-json\/wp\/v2\/posts\/6795\/revisions\/6798"}],"wp:featuredmedia":[{"embeddable":true,"href":"https:\/\/www.terveilm.ee\/leht\/wp-json\/wp\/v2\/media\/6797"}],"wp:attachment":[{"href":"https:\/\/www.terveilm.ee\/leht\/wp-json\/wp\/v2\/media?parent=6795"}],"wp:term":[{"taxonomy":"category","embeddable":true,"href":"https:\/\/www.terveilm.ee\/leht\/wp-json\/wp\/v2\/categories?post=6795"},{"taxonomy":"post_tag","embeddable":true,"href":"https:\/\/www.terveilm.ee\/leht\/wp-json\/wp\/v2\/tags?post=6795"}],"curies":[{"name":"wp","href":"https:\/\/api.w.org\/{rel}","templated":true}]}}