{"id":6821,"date":"2016-03-01T10:09:40","date_gmt":"2016-03-01T08:09:40","guid":{"rendered":"http:\/\/www.terveilm.ee\/leht\/?p=6821"},"modified":"2016-03-01T10:10:35","modified_gmt":"2016-03-01T08:10:35","slug":"rikaste-riikide-valitsused-asetasid-oma-huvid-arenguriikidest-ettepoole","status":"publish","type":"post","link":"https:\/\/www.terveilm.ee\/leht\/blogi\/rikaste-riikide-valitsused-asetasid-oma-huvid-arenguriikidest-ettepoole\/","title":{"rendered":"Rikaste riikide valitsused asetasid oma huvid arenguriikidest ettepoole"},"content":{"rendered":"<p><b><\/b><b>Veebruaris muudeti rahvusvahelisi arengukoost\u00f6\u00f6 rahastamise p\u00f5him\u00f5tteid. Selle tulemusena suureneb v\u00f5imalus, et maailma vaeseimate riikide asemel hakkavad abirahadest kasu saama eelk\u00f5ige rikkad riigid.<\/b><\/p>\n<p>Globaalse kokkuleppe j\u00e4rgi moodustab arenguriikidele m\u00f5eldud rahastus ideaalis 0,7% doonorriigi SKPst, reaalsuses enamasti v\u00e4hem. Muudatuste tulemusena on oht, et neid summasid hakatakse tulevikus arengukoost\u00f6\u00f6 sildi all kasutama ka julgeoleku rahastamiseks, erasektori ettev\u00f5tete toetamiseks ning p\u00f5genikekriisiga toimetulekuks Euroopas. Arengukoost\u00f6\u00f6ga tegelevad organisatsioonid m\u00f5istavad hukka suletud uste taga tehtud otsused ning kardavad, et on loodud olukord, mis tegelikkuses viib vaesuse v\u00e4hendamiseks ning heaolu edendamiseks m\u00f5eldud summade kokku kuivamiseni.<\/p>\n<p>Arengukoost\u00f6\u00f6 \u00dcmarlaua juhi Sigrid Solniku s\u00f5nul on sellised suundumused valdkonna rahastamises murettekitavad. \u201eArengukoost\u00f6\u00f6 edendamine kolmandates riikides on j\u00e4rjest enam seotud tingimusega hoida pagulased Euroopast v\u00e4ljas. L\u00fchiajalised majanduslikud huvid ja julgeolek on Euroopa riikide jaoks j\u00e4rjest enam olulisemad kui inim\u00f5igused v\u00f5i j\u00e4tkusuutlik areng. S\u00e4\u00e4stva arengu eesm\u00e4rkide saavutamiseks on vaja poliitikate sidusust, aga mitte sellises vormis, kus rahasid isiklike kriiside leevendamiseks hakatakse v\u00f5tma suvalistelt eelarveridadelt ja n\u00f5rgemate arvelt\u201c, lisas Solnik.<\/p>\n<p>Uutes plaanides puudub mehhanism, kes ja kuidas rahade kasutamist kontrollima peaks. Lisaks h\u00e4gustuvad piirid arengukoost\u00f6\u00f6 ja rikaste riikide isiklike huvide vahel. Peamine oht on, et arengukoost\u00f6\u00f6 rahadest hakkavad otsest kasu l\u00f5ikama just doonorriigid. Kokkuv\u00f5ttes on reaalne v\u00f5imalus, et globaalse vaesuse v\u00e4hendamise ning heaolu t\u00f5stmise asemel kasutatakse arengukoost\u00f6\u00f6 vahendeid peamiselt isiklike huvide rahuldamiseks.<\/p>\n<p>Majanduskoost\u00f6\u00f6 ja Arengu Organisatsiooni (OECD) Arenguabi Komitee (DAC) kohtumisel paika pandud p\u00f5him\u00f5tetega saab l\u00e4hemalt tutvuda <a href=\"http:\/\/www.oecd.org\/dac\/DAC-HLM-Communique-2016.pdf\">siin<\/a>.<\/p>\n<p>Arengukoost\u00f6\u00f6 \u00dcmarlaud on avalikes huvides tegutsev 31 arengukoost\u00f6\u00f6 ja maailmahariduse valdkonna kodaniku\u00fchendust esindav organisatsioon.<\/p>\n<p><em>Kaanefoto: GLEN 2015 vabatahtlik Anne-Liis Leht<\/em><\/p>\n","protected":false},"excerpt":{"rendered":"<p>Veebruaris muudeti rahvusvahelisi arengukoost\u00f6\u00f6 rahastamise p\u00f5him\u00f5tteid. Selle tulemusena suureneb v\u00f5imalus, et maailma vaeseimate riikide asemel hakkavad abirahadest kasu saama eelk\u00f5ige&#8230;<\/p>\n","protected":false},"author":6,"featured_media":6822,"comment_status":"open","ping_status":"open","sticky":false,"template":"","format":"standard","meta":{"_acf_changed":false,"footnotes":""},"categories":[7],"tags":[35,33,40],"class_list":["post-6821","post","type-post","status-publish","format-standard","has-post-thumbnail","hentry","category-uudised","tag-arengukoostoo","tag-majandus","tag-sdg"],"acf":[],"_links":{"self":[{"href":"https:\/\/www.terveilm.ee\/leht\/wp-json\/wp\/v2\/posts\/6821","targetHints":{"allow":["GET"]}}],"collection":[{"href":"https:\/\/www.terveilm.ee\/leht\/wp-json\/wp\/v2\/posts"}],"about":[{"href":"https:\/\/www.terveilm.ee\/leht\/wp-json\/wp\/v2\/types\/post"}],"author":[{"embeddable":true,"href":"https:\/\/www.terveilm.ee\/leht\/wp-json\/wp\/v2\/users\/6"}],"replies":[{"embeddable":true,"href":"https:\/\/www.terveilm.ee\/leht\/wp-json\/wp\/v2\/comments?post=6821"}],"version-history":[{"count":2,"href":"https:\/\/www.terveilm.ee\/leht\/wp-json\/wp\/v2\/posts\/6821\/revisions"}],"predecessor-version":[{"id":6824,"href":"https:\/\/www.terveilm.ee\/leht\/wp-json\/wp\/v2\/posts\/6821\/revisions\/6824"}],"wp:featuredmedia":[{"embeddable":true,"href":"https:\/\/www.terveilm.ee\/leht\/wp-json\/wp\/v2\/media\/6822"}],"wp:attachment":[{"href":"https:\/\/www.terveilm.ee\/leht\/wp-json\/wp\/v2\/media?parent=6821"}],"wp:term":[{"taxonomy":"category","embeddable":true,"href":"https:\/\/www.terveilm.ee\/leht\/wp-json\/wp\/v2\/categories?post=6821"},{"taxonomy":"post_tag","embeddable":true,"href":"https:\/\/www.terveilm.ee\/leht\/wp-json\/wp\/v2\/tags?post=6821"}],"curies":[{"name":"wp","href":"https:\/\/api.w.org\/{rel}","templated":true}]}}