{"id":6903,"date":"2016-04-18T08:18:22","date_gmt":"2016-04-18T05:18:22","guid":{"rendered":"http:\/\/www.terveilm.ee\/leht\/?p=6903"},"modified":"2016-04-18T11:43:32","modified_gmt":"2016-04-18T08:43:32","slug":"algas-ulemaailmne-moerevolutsiooni-nadal","status":"publish","type":"post","link":"https:\/\/www.terveilm.ee\/leht\/blogi\/algas-ulemaailmne-moerevolutsiooni-nadal\/","title":{"rendered":"Algas \u00fclemaailmne Moerevolutsiooni n\u00e4dal"},"content":{"rendered":"<p><strong>Sel n\u00e4dalal, 18.-24.aprillil toimub \u00fclemaailmne Moerevolutsiooni n\u00e4dal. N\u00e4dala jooksul kutsutakse tarbijaid r\u00f5ivabr\u00e4ndidelt k\u00fcsima riiete p\u00e4ritolu kohta ning avaldama t\u00e4nu inimestele, kes on meie r\u00f5ivad valmistanud.\u00a0<\/strong><\/p>\n<p>Arengukoost\u00f6\u00f6 \u00dcmarlaua juht Sigrid Solnik: \u201cSuur osa maailma kiirmoekaubast valmib arenguriikides ohtlikes ja ebakindlates tingimustes t\u00f6\u00f6tavate, minimaalselt palka saavate ja 80% ulatuses naissoost \u00f5mblejate k\u00e4tet\u00f6\u00f6na. Kogu tootmisahel ehk puuvilla kasvatamine, kanga kudumine, \u00f5mblemine ja riiete pakkimine on paraku sageli tuttav selliste n\u00e4htustega nagu lapst\u00f6\u00f6j\u00f5ud, orjat\u00f6\u00f6 ja meeletu looduse reostamine,\u201d r\u00e4\u00e4kis Solnik.<\/p>\n<p>\u201cTarbijatena oleme harjunud r\u00f5ivaid ostma v\u00f5imalikult odavalt ja sageli, enamjaolt just kiirmoekettidest. Seega lasub ka meil vastutus oma riiete valmistajate kehva olukorra eest. Mul on hea meel, et tarbijate teadlikkus on t\u00f5usmas ning osad kiirmoebr\u00e4ndid on skandaalide ja tarbijate surve tulemusena proovinud senist olukorda parandada. Fakt aga on see, et kuni meie tarbijatena ei huvitu ega hooli, ei hakka enamus neist \u00f5mblejaist kunagi \u00f5iglast palka saama,\u201d\u00a0 lisas Solnik.<\/p>\n<p>Moerevolutsioon sai alguse 2013. aasta 24. aprillil, mil Bangladeshi pealinna l\u00e4histel varises kokku Rana Plaza tehasekompleks. Surma sai 1133 inimest ja vigastada veel tuhandeid inimesi. Selle s\u00fcndmuse valguses sai selgeks, et enamik meist ei tea, kuidas ja kus on meie riided toodetud v\u00f5i kui laastavad v\u00f5ivad olla selle tootmisharu m\u00f5jud. T\u00e4navu toimub esimest korda Moerevolutsiooni p\u00e4eva asemel teemale p\u00fchendatud n\u00e4dal, et p\u00f6\u00f6rata riidet\u00f6\u00f6stuse varjuk\u00fclgedele veelgi rohkem t\u00e4helepanu.<\/p>\n<p>Moerevolutsioonis osalemiseks on mitmeid v\u00f5imalusi. P\u00f6\u00f6ra oma riided tagurpidi, uuri silte ja k\u00fcsi sotsiaalmeedia abiga br\u00e4ndidelt nende p\u00e4ritolu kohta v\u00f5i avaldada nii t\u00e4nu suurtes tehastes sageli ebainimlikes tingimustes t\u00f6\u00f6tavatele r\u00f5ivategijatele. Alusta sel n\u00e4dalal ostmisharjumuste muutmisega &#8211; eelista eetilisemat moodi, <em>secondhand<\/em> poode v\u00f5i n\u00e4iteks Eesti disaini. Parim, kui j\u00e4taksid ostlemata poodides, mis m\u00fc\u00fcvad ebaselge p\u00e4ritoluga riideid.<\/p>\n<p>K\u00fclasta Fashion <a href=\"https:\/\/www.facebook.com\/fashionrevolutionestonia\/\">Revolution Estonia Facebooki!<\/a><\/p>\n<p>Loe rohkem soovitusi, kuidas Moerevolutsioonist osa v\u00f5tta www.terveilm.ee lehelt!<\/p>\n<p>Arengukoost\u00f6\u00f6 \u00dcmarlaud on esindab 31 arengukoost\u00f6\u00f6 ja maailmahariduse valdkonna kodaniku\u00fchendust. \u00dcmarlaua soov on t\u00f5sta teadlikkust arengukoost\u00f6\u00f6st ja globaalsest solidaarsusest, samuti aitame kaasa \u00fclemaailmse vaesuse v\u00e4hendamisele ja inimarengu edendamisele.<\/p>\n<p>&nbsp;<\/p>\n","protected":false},"excerpt":{"rendered":"<p>Sel n\u00e4dalal, 18.-24.aprillil toimub \u00fclemaailmne Moerevolutsiooni n\u00e4dal. N\u00e4dala jooksul kutsutakse tarbijaid r\u00f5ivabr\u00e4ndidelt k\u00fcsima riiete p\u00e4ritolu kohta ning avaldama t\u00e4nu inimestele,&#8230;<\/p>\n","protected":false},"author":6,"featured_media":6882,"comment_status":"open","ping_status":"open","sticky":false,"template":"","format":"standard","meta":{"_acf_changed":false,"footnotes":""},"categories":[3],"tags":[23,26,24],"class_list":["post-6903","post","type-post","status-publish","format-standard","has-post-thumbnail","hentry","category-blogi","tag-inimoigused","tag-loodushoid","tag-tarbimine"],"acf":[],"_links":{"self":[{"href":"https:\/\/www.terveilm.ee\/leht\/wp-json\/wp\/v2\/posts\/6903","targetHints":{"allow":["GET"]}}],"collection":[{"href":"https:\/\/www.terveilm.ee\/leht\/wp-json\/wp\/v2\/posts"}],"about":[{"href":"https:\/\/www.terveilm.ee\/leht\/wp-json\/wp\/v2\/types\/post"}],"author":[{"embeddable":true,"href":"https:\/\/www.terveilm.ee\/leht\/wp-json\/wp\/v2\/users\/6"}],"replies":[{"embeddable":true,"href":"https:\/\/www.terveilm.ee\/leht\/wp-json\/wp\/v2\/comments?post=6903"}],"version-history":[{"count":3,"href":"https:\/\/www.terveilm.ee\/leht\/wp-json\/wp\/v2\/posts\/6903\/revisions"}],"predecessor-version":[{"id":6906,"href":"https:\/\/www.terveilm.ee\/leht\/wp-json\/wp\/v2\/posts\/6903\/revisions\/6906"}],"wp:featuredmedia":[{"embeddable":true,"href":"https:\/\/www.terveilm.ee\/leht\/wp-json\/wp\/v2\/media\/6882"}],"wp:attachment":[{"href":"https:\/\/www.terveilm.ee\/leht\/wp-json\/wp\/v2\/media?parent=6903"}],"wp:term":[{"taxonomy":"category","embeddable":true,"href":"https:\/\/www.terveilm.ee\/leht\/wp-json\/wp\/v2\/categories?post=6903"},{"taxonomy":"post_tag","embeddable":true,"href":"https:\/\/www.terveilm.ee\/leht\/wp-json\/wp\/v2\/tags?post=6903"}],"curies":[{"name":"wp","href":"https:\/\/api.w.org\/{rel}","templated":true}]}}