{"id":7021,"date":"2016-09-04T12:24:56","date_gmt":"2016-09-04T09:24:56","guid":{"rendered":"http:\/\/www.terveilm.ee\/leht\/?p=7021"},"modified":"2016-09-04T12:30:06","modified_gmt":"2016-09-04T09:30:06","slug":"arengukoostoo-umarlaud-kolis","status":"publish","type":"post","link":"https:\/\/www.terveilm.ee\/leht\/blogi\/arengukoostoo-umarlaud-kolis\/","title":{"rendered":"Arengukoost\u00f6\u00f6 \u00dcmarlaud kolis!"},"content":{"rendered":"<p><strong>Alates 1. septembris asume Telliskivi loomelinnakus (Telliskivi 60a, 10412), A3 hoone 3. korrusel\u00a0(EMSLi kontori k\u00f5rval).<\/strong><\/p>\n<p>Telliskivi t\u00e4navalt tulles on k\u00f5ige lihtsam jalutada poet\u00e4nava l\u00f5ppu ja sealt kolmandale korrusele tulla. Kui tulete autoga, on trepid hoovi poolt sisenedes paremat k\u00e4tt.<\/p>\n<p><strong>Telefoninumbrid ja meiliaadressid j\u00e4id samaks:<\/strong><\/p>\n<p>Tegevjuht\u00a0Sigrid Solnik &#8211; 5234104, sigrid@terveilm.ee<br \/>\nKommunikatsioonijuht Katrin P\u00e4rgm\u00e4e\u00a0&#8211;\u00a056623823, katrin@terveilm.ee<\/p>\n<p><strong>Parkimine<\/strong><\/p>\n<p>Telliskivi t\u00e4nav kuulub Tallinna kesklinna tasulise parkimise tsooni (15 min = 0,26 \u20ac). Kuna Telliskivi loomelinnak on j\u00f5udsalt laienenud, on seal kaks\u00a0parkimistsooni. EP 18 on t\u00e4pselt meie A3 hoone ja ON-maja vahel, parkimise hind on 0,75 eurot pool tundi ja maksimaalne parkimisaeg 4h.<\/p>\n<p>Loomelinnaku keskel on suur ja soodsam\u00a0Europargi parkla, tsoon EP86:<\/p>\n<ul>\n<li>Parkimiskellaga kuni 15 minutit tasuta<\/li>\n<li>iga alustatud 30 minutit \u2013 0,6 \u20ac<\/li>\n<li>24 h \u2013 3 \u20ac<\/li>\n<li>parkimistasu arvestus k\u00e4ib 30 minuti kaupa<\/li>\n<li>M-parkimisel lisandub mobiilisideoperaatori teenustasu 0,32 \u20ac<\/li>\n<\/ul>\n<p><a href=\"http:\/\/www.terveilm.ee\/leht\/wp-content\/uploads\/2016\/09\/parkimine.jpg\"><img loading=\"lazy\" decoding=\"async\" class=\"aligncenter size-large wp-image-7023\" src=\"http:\/\/www.terveilm.ee\/leht\/wp-content\/uploads\/2016\/09\/parkimine-1024x576.jpg\" alt=\"parkimine\" width=\"1024\" height=\"576\" srcset=\"https:\/\/www.terveilm.ee\/leht\/wp-content\/uploads\/2016\/09\/parkimine-1024x576.jpg 1024w, https:\/\/www.terveilm.ee\/leht\/wp-content\/uploads\/2016\/09\/parkimine-300x169.jpg 300w, https:\/\/www.terveilm.ee\/leht\/wp-content\/uploads\/2016\/09\/parkimine.jpg 2000w\" sizes=\"auto, (max-width: 1024px) 100vw, 1024px\" \/><\/a><\/p>\n<p>&nbsp;<\/p>\n","protected":false},"excerpt":{"rendered":"<p>Alates 1. septembris asume Telliskivi loomelinnakus (Telliskivi 60a, 10412), A3 hoone 3. korrusel\u00a0(EMSLi kontori k\u00f5rval). Telliskivi t\u00e4navalt tulles on k\u00f5ige&#8230;<\/p>\n","protected":false},"author":32,"featured_media":7022,"comment_status":"open","ping_status":"open","sticky":false,"template":"","format":"standard","meta":{"_acf_changed":false,"footnotes":""},"categories":[3,7],"tags":[31],"class_list":["post-7021","post","type-post","status-publish","format-standard","has-post-thumbnail","hentry","category-blogi","category-uudised","tag-aku"],"acf":[],"_links":{"self":[{"href":"https:\/\/www.terveilm.ee\/leht\/wp-json\/wp\/v2\/posts\/7021","targetHints":{"allow":["GET"]}}],"collection":[{"href":"https:\/\/www.terveilm.ee\/leht\/wp-json\/wp\/v2\/posts"}],"about":[{"href":"https:\/\/www.terveilm.ee\/leht\/wp-json\/wp\/v2\/types\/post"}],"author":[{"embeddable":true,"href":"https:\/\/www.terveilm.ee\/leht\/wp-json\/wp\/v2\/users\/32"}],"replies":[{"embeddable":true,"href":"https:\/\/www.terveilm.ee\/leht\/wp-json\/wp\/v2\/comments?post=7021"}],"version-history":[{"count":4,"href":"https:\/\/www.terveilm.ee\/leht\/wp-json\/wp\/v2\/posts\/7021\/revisions"}],"predecessor-version":[{"id":7029,"href":"https:\/\/www.terveilm.ee\/leht\/wp-json\/wp\/v2\/posts\/7021\/revisions\/7029"}],"wp:featuredmedia":[{"embeddable":true,"href":"https:\/\/www.terveilm.ee\/leht\/wp-json\/wp\/v2\/media\/7022"}],"wp:attachment":[{"href":"https:\/\/www.terveilm.ee\/leht\/wp-json\/wp\/v2\/media?parent=7021"}],"wp:term":[{"taxonomy":"category","embeddable":true,"href":"https:\/\/www.terveilm.ee\/leht\/wp-json\/wp\/v2\/categories?post=7021"},{"taxonomy":"post_tag","embeddable":true,"href":"https:\/\/www.terveilm.ee\/leht\/wp-json\/wp\/v2\/tags?post=7021"}],"curies":[{"name":"wp","href":"https:\/\/api.w.org\/{rel}","templated":true}]}}