{"id":7033,"date":"2016-09-21T11:50:28","date_gmt":"2016-09-21T08:50:28","guid":{"rendered":"http:\/\/www.terveilm.ee\/leht\/?p=7033"},"modified":"2016-09-21T11:50:47","modified_gmt":"2016-09-21T08:50:47","slug":"kutsume-kinno","status":"publish","type":"post","link":"https:\/\/www.terveilm.ee\/leht\/blogi\/kutsume-kinno\/","title":{"rendered":"Kutsume kinno!"},"content":{"rendered":"<p><strong>Arengukoost\u00f6\u00f6 \u00dcmarlaud ja ETV2 kutsuvad k\u00f5iki huvilisi inim\u00f5iguste filmikuu avas\u00fcndmusele <a href=\"http:\/\/artis.ee\/\" target=\"_blank\">Artises<\/a> 28. septembril kell 18.00. Linastub inimlik ja helge dokumentaalfilm \u201cSONITA\u201d (Iraan-USA 2015).<\/strong><\/p>\n<p>Sonita on 18-aastane afgaani t\u00fcdruk, kelle unistus on saada r\u00e4ppariks. Ta elab pagulasena Iraanis, t\u00f6\u00f6tab koolis koristajana ja vabal ajal esineb sealsetele t\u00fcdrukutele. Ta r\u00e4pib enda kogemusest teismelisena, naisena ning pagulasena meestekeskses \u00fchiskonnas. Sonita ema plaan ta 9000 dollari eest v\u00f5\u00f5rale mehele abikaasaks m\u00fc\u00fca seab noore naise keeruliste valikute ette.<\/p>\n<p>P\u00e4rast filmiseanssi toimub arutelu, kus lapsabielude, naiste rolli ja inim\u00f5iguste teemadel r\u00e4\u00e4givad Kari K\u00e4sper (<a href=\"https:\/\/humanrights.ee\/\" target=\"_blank\">Inim\u00f5iguste Keskus<\/a>), Kristi Ockba (<a href=\"http:\/\/mondo.org.ee\/\" target=\"_blank\">MT\u00dc Mondo<\/a>) ja Kristina Papsejeva (<a href=\"https:\/\/www.amor.ee\/\" target=\"_blank\">Seksuaaltervise Liit<\/a>). Vestlust modereerib ERRi ajakirjanik Anna Gavronski.<\/p>\n<p>NB! Istekohtade reserveerimiseks saab Artise kassast broneerida nullpileti. Piletiomanikud peavad olema istekohtadel v\u00e4hemalt 10 minutit enne seansi algust. 5 minutit enne seanssi kaovad reserveeritud kohad, k\u00f5ik huvilised saavad istuda vabadele kohtadele saalis.<\/p>\n<p><iframe loading=\"lazy\" src=\"https:\/\/player.vimeo.com\/video\/150173671\" width=\"640\" height=\"360\" frameborder=\"0\" allowfullscreen=\"allowfullscreen\"><\/iframe><\/p>\n<p><a href=\"https:\/\/vimeo.com\/150173671\">SONITA &#8211; Trailer<\/a> from <a href=\"https:\/\/vimeo.com\/user2395633\">CAT&amp;Docs<\/a> on <a href=\"https:\/\/vimeo.com\">Vimeo<\/a>.<\/p>\n","protected":false},"excerpt":{"rendered":"<p>Arengukoost\u00f6\u00f6 \u00dcmarlaud ja ETV2 kutsuvad k\u00f5iki huvilisi inim\u00f5iguste filmikuu avas\u00fcndmusele Artises 28. septembril kell 18.00. Linastub inimlik ja helge dokumentaalfilm&#8230;<\/p>\n","protected":false},"author":32,"featured_media":7034,"comment_status":"open","ping_status":"open","sticky":false,"template":"","format":"standard","meta":{"_acf_changed":false,"footnotes":""},"categories":[3],"tags":[22,23,29],"class_list":["post-7033","post","type-post","status-publish","format-standard","has-post-thumbnail","hentry","category-blogi","tag-haridus","tag-inimoigused","tag-sundmused"],"acf":[],"_links":{"self":[{"href":"https:\/\/www.terveilm.ee\/leht\/wp-json\/wp\/v2\/posts\/7033","targetHints":{"allow":["GET"]}}],"collection":[{"href":"https:\/\/www.terveilm.ee\/leht\/wp-json\/wp\/v2\/posts"}],"about":[{"href":"https:\/\/www.terveilm.ee\/leht\/wp-json\/wp\/v2\/types\/post"}],"author":[{"embeddable":true,"href":"https:\/\/www.terveilm.ee\/leht\/wp-json\/wp\/v2\/users\/32"}],"replies":[{"embeddable":true,"href":"https:\/\/www.terveilm.ee\/leht\/wp-json\/wp\/v2\/comments?post=7033"}],"version-history":[{"count":1,"href":"https:\/\/www.terveilm.ee\/leht\/wp-json\/wp\/v2\/posts\/7033\/revisions"}],"predecessor-version":[{"id":7035,"href":"https:\/\/www.terveilm.ee\/leht\/wp-json\/wp\/v2\/posts\/7033\/revisions\/7035"}],"wp:featuredmedia":[{"embeddable":true,"href":"https:\/\/www.terveilm.ee\/leht\/wp-json\/wp\/v2\/media\/7034"}],"wp:attachment":[{"href":"https:\/\/www.terveilm.ee\/leht\/wp-json\/wp\/v2\/media?parent=7033"}],"wp:term":[{"taxonomy":"category","embeddable":true,"href":"https:\/\/www.terveilm.ee\/leht\/wp-json\/wp\/v2\/categories?post=7033"},{"taxonomy":"post_tag","embeddable":true,"href":"https:\/\/www.terveilm.ee\/leht\/wp-json\/wp\/v2\/tags?post=7033"}],"curies":[{"name":"wp","href":"https:\/\/api.w.org\/{rel}","templated":true}]}}