{"id":7195,"date":"2016-10-10T11:00:30","date_gmt":"2016-10-10T08:00:30","guid":{"rendered":"http:\/\/www.terveilm.ee\/leht\/?p=7195"},"modified":"2016-10-10T11:00:30","modified_gmt":"2016-10-10T08:00:30","slug":"mida-aku-toomesilased-oktoobris-teha-plaanivad","status":"publish","type":"post","link":"https:\/\/www.terveilm.ee\/leht\/blogi\/mida-aku-toomesilased-oktoobris-teha-plaanivad\/","title":{"rendered":"Mida AK\u00dc t\u00f6\u00f6mesilased oktoobris teha plaanivad?"},"content":{"rendered":"<p><strong>Oktoober algas kohe kurva uudisega: esimest korda p\u00e4rast viimast j\u00e4\u00e4aega saavutas CO2 kontsentratsioon atmosf\u00e4\u00e4ris 400 ppm\u2019i. IPCC ehk Intergovernmental Panel on Climate Change pidas omas viimases raportis ohutuks tasemeks 350 ppm-i. Ehk siis s\u00f5brad, olukord on hull! <\/strong><\/p>\n<ul>\n<li>Halbade uudiste tasakaalustamiseks toome positiivse noodi \u2013 AK\u00dc p\u00e4\u00e4ses EMSLi huvikaitselaborisse, oktoober on meie jaoks kooli alguse kuu. Hakkame uurima ja katsetama, kuidas teha paremat eeskostet.<\/li>\n<li>Alustasime pea terve kuu kestva Facebook\u2019i kampaaniaga, <a href=\"https:\/\/www.facebook.com\/terveilm\/\" target=\"_blank\">vaata l\u00e4hemalt siit<\/a>.<\/li>\n<li>Kliima- ning maksuteemad tulevad oktoobris kindlasti veel lauale.\u00a0<a href=\"http:\/\/www.terveilm.ee\/leht\/wp-content\/uploads\/2016\/10\/SDGd-koos-eesti.jpg\"><br \/>\n<\/a><\/li>\n<li>Haume vaikselt plaane j\u00f5uluperioodiks &#8211; teeme &#8220;tarbi v\u00e4hem&#8221; kampaania, t\u00e4psemad plaanid selguvad varsti.<\/li>\n<li>Kellel Sigrid veel liikmetest k\u00fclas ei ole k\u00e4inud \u2013 oktoober on k\u00fclastamiskuu, olen teel!<\/li>\n<\/ul>\n<p>Kommunikatsioonijuht Katrinile m\u00f6\u00f6dus september suures plaanis <a href=\"http:\/\/www.terveilm.ee\/leht\/blogi\/kelle-asi-on-maailma-muutmine\/\" target=\"_blank\">Maailma Parimate Uudiste<\/a>, inim\u00f5iguste ja &#8220;Sonita&#8221; kinoseansi korraldamise t\u00e4he all. Sigrid tegutses rahvusvahelise koost\u00f6\u00f6 rindel ajades \u00fchisprojektide asju selleks, et AK\u00dc saaks ka tulevikus toredaid asju teha. September oli p\u00f5nev kuu ka selle t\u00f5ttu, et Riigikantselei juures tegutsev S\u00e4\u00e4stva Arengu Komisjon, mille liige AK\u00dc on, v\u00f5ttis teravdatud t\u00e4helepanu alla Eesti s\u00e4\u00e4stva arengu riikliku strateegia \u201eS\u00e4\u00e4stev Eesti 21\u201c. See valmis aastal 2005 ja n\u00fc\u00fcd vaadatakse \u00fcle, kas dokument on veel p\u00e4evakohane\u00a0ja mida ning kuidas seal muuta tuleks. AK\u00dc seisab selle eest, et S\u00e4\u00e4stev Eesti 21 m\u00f5tleks ka Eesti jalaj\u00e4lje ning m\u00f5ju peale kodust kaugemal.<\/p>\n<p>Oktoobris on v\u00e4ljas pime \u2013 kui oled Telliskivis k\u00e4imas, tule v\u00f5ta endale AK\u00dc helkur. Meile meeldivad k\u00fclalised ja meile meeldivad p\u00e4\u00e4stetud elud! \ud83d\ude09<\/p>\n","protected":false},"excerpt":{"rendered":"<p>Oktoober algas kohe kurva uudisega: esimest korda p\u00e4rast viimast j\u00e4\u00e4aega saavutas CO2 kontsentratsioon atmosf\u00e4\u00e4ris 400 ppm\u2019i. IPCC ehk Intergovernmental Panel&#8230;<\/p>\n","protected":false},"author":32,"featured_media":7183,"comment_status":"open","ping_status":"open","sticky":false,"template":"","format":"standard","meta":{"_acf_changed":false,"footnotes":""},"categories":[7],"tags":[31,25,29,24],"class_list":["post-7195","post","type-post","status-publish","format-standard","has-post-thumbnail","hentry","category-uudised","tag-aku","tag-kliimamuutused","tag-sundmused","tag-tarbimine"],"acf":[],"_links":{"self":[{"href":"https:\/\/www.terveilm.ee\/leht\/wp-json\/wp\/v2\/posts\/7195","targetHints":{"allow":["GET"]}}],"collection":[{"href":"https:\/\/www.terveilm.ee\/leht\/wp-json\/wp\/v2\/posts"}],"about":[{"href":"https:\/\/www.terveilm.ee\/leht\/wp-json\/wp\/v2\/types\/post"}],"author":[{"embeddable":true,"href":"https:\/\/www.terveilm.ee\/leht\/wp-json\/wp\/v2\/users\/32"}],"replies":[{"embeddable":true,"href":"https:\/\/www.terveilm.ee\/leht\/wp-json\/wp\/v2\/comments?post=7195"}],"version-history":[{"count":1,"href":"https:\/\/www.terveilm.ee\/leht\/wp-json\/wp\/v2\/posts\/7195\/revisions"}],"predecessor-version":[{"id":7196,"href":"https:\/\/www.terveilm.ee\/leht\/wp-json\/wp\/v2\/posts\/7195\/revisions\/7196"}],"wp:featuredmedia":[{"embeddable":true,"href":"https:\/\/www.terveilm.ee\/leht\/wp-json\/wp\/v2\/media\/7183"}],"wp:attachment":[{"href":"https:\/\/www.terveilm.ee\/leht\/wp-json\/wp\/v2\/media?parent=7195"}],"wp:term":[{"taxonomy":"category","embeddable":true,"href":"https:\/\/www.terveilm.ee\/leht\/wp-json\/wp\/v2\/categories?post=7195"},{"taxonomy":"post_tag","embeddable":true,"href":"https:\/\/www.terveilm.ee\/leht\/wp-json\/wp\/v2\/tags?post=7195"}],"curies":[{"name":"wp","href":"https:\/\/api.w.org\/{rel}","templated":true}]}}