{"id":7215,"date":"2016-10-24T09:05:43","date_gmt":"2016-10-24T06:05:43","guid":{"rendered":"http:\/\/www.terveilm.ee\/leht\/?p=7215"},"modified":"2016-10-24T09:05:43","modified_gmt":"2016-10-24T06:05:43","slug":"arengukoostoo-teadlikkuse-paev-ehk-miks-peaks-vooraid-vaeseid-aitama","status":"publish","type":"post","link":"https:\/\/www.terveilm.ee\/leht\/blogi\/arengukoostoo-teadlikkuse-paev-ehk-miks-peaks-vooraid-vaeseid-aitama\/","title":{"rendered":"Arengukoost\u00f6\u00f6 teadlikkuse p\u00e4ev ehk miks peaks v\u00f5\u00f5raid vaeseid aitama?"},"content":{"rendered":"<p><strong>T\u00e4na, 24. oktoobril peetakse \u00fcle maailma rahvusvahelist arengukoost\u00f6\u00f6 teadlikkuse p\u00e4eva. P\u00e4eva eesm\u00e4rgi saab kokku v\u00f5tta k\u00fcsimusega: \u201cMiks on vaja minna kuskile arenguriiki vaeseid aitama, kas Eestis on vaeseid v\u00e4he?\u201d<\/strong><\/p>\n<p>Arengukoost\u00f6\u00f6 \u00dcmarlaua juhi Sigrid Solniku s\u00f5nul ringleb arengumaade kohta nii palju m\u00fc\u00fcte, et sageli on raske aru saada, mis on t\u00f5de ja mis mitte. \u201cKindlasti oleme kaugete riikide ja sealsete murede osas t\u00e4na targemad kui 10 aastat tagasi. Samas levib veel \u00fcsna palju v\u00e4\u00e4rarusaamu. On inimesi, kes arvavad, et arengukoost\u00f6\u00f6 on sisuliselt \u201cmaakolgastes p\u00e4rismaalaste narrimine.\u201d Teised leiavad, et me ei saa aidata, sest sureme siin ise n\u00e4lga. Kolmandad on veendunud, et maailmas ei ole aitamisega midagi paremaks muutunud\u201d.<\/p>\n<p><strong>1. m\u00fc\u00fct &#8211; \u201cArenguriike saab aidata alles siis, kui meil endal enam ei ole \u00fchtegi vaest inimest.\u201d<\/strong><br \/>\nSee m\u00fc\u00fct on \u00fcks populaarsemaid. Viletsust on absoluutselt k\u00f5ikides maailma riikides, ka Eestis ja iga vaese inimese aitamisega tuleb tegeleda. See, et Eesti teeb arengukoost\u00f6\u00f6d ei v\u00f5ta ei t\u00e4helepanu ega raha \u00e4ra siinsetelt inimestelt. Vaesusel on erinevad palged. Arenguriikide vaesus t\u00e4hendab sageli joogivee, teede, wc, arstiabi v\u00f5i koolide puudust. Neid lihtsalt ei ole v\u00f5i kui on, siis on need nii kallid, et inimesed lihtsalt ei saa neid endale lubada.<\/p>\n<p><strong>2. m\u00fc\u00fct &#8211; \u201cEesti aitab arenguriike rohkem kui kohalikke inimesi\u201c<\/strong><br \/>\nUSAs l\u00e4bi viidud k\u00fcsitlused n\u00e4itavad, et tavainimeste arvates antakse arenguabi ca 25% eelarvest, tegelikkuses on see v\u00e4hem kui 1%. Samamoodi on Eestiga &#8211; peamiselt tegeleme enda inimeste hoidmise ja aitamisega, arengukoost\u00f6\u00f6 osa SKTst on 0,15%. Oluline on meeles pidada, et Eesti on aegade jooksul saanud nii arenguabi kui EL toetusi 32 korda rohkem kui ise abi andnud oleme. Meile anti aastatel 1992-2002 arenguabi ca 830 miljonit eurot ja EL toetusi aastatel 2007-2013 ca 4,8 miljardit eurot. Aastatel 1998-2014 andsime ise arenguabi kokku ca 172,8 miljonit eurot.<\/p>\n<p><strong>3. m\u00fc\u00fct: \u201cMina arenguriikidega kokku ei puutu, mina neid ei m\u00f5juta ja ma ei saa ka midagi teha\u201d<\/strong><br \/>\nMe ei m\u00f5tle sellele, kuid enamus meie toidust ja kaupades tuleb arengumaadest. Joome hommikul kohvi, mille on kasvatanud L\u00f5una-Ameerika talunikud. Meie riided on ilmselt \u00f5mmeldud Bangladeshis. Kodumasinad tulevad Hiinast, vaibad Indiast, kakao Elevandiluurannikult, nutitelefonide tooraine Kongost, pipar Kambod\u017east ja roosid Keeniast. Seda loetelu v\u00f5iks j\u00e4tkata l\u00f5putult.<\/p>\n<p>Tarbimine on suhe erinevates riikides elavate inimeste vahel. Meie tarbimisest s\u00f5ltub, kas kaugetes riikides ja sageli keerulistes oludes elavad inimesed saavad m\u00f5istlikes tingimustes t\u00f6\u00f6d teha, kas nad saavad piisavalt palka, et enda lapsed kooli panna, arsti juures k\u00e4ia v\u00f5i puhast vett juua. Suured muutused v\u00f5tavad aega, kuid nad on v\u00f5imalikud. N\u00e4iteks on viimase 15 aastaga suudetud 50% v\u00f5rra v\u00e4hendada koolis\u00fcsteemist v\u00e4ljas olevate algkooliealiste laste arvu. L\u00f5puks on aga oluline see, et h\u00e4dasolijatele abik\u00e4si ulatataks, kas siis kusagil kaugemal, v\u00f5i siinsamas Eestis.<\/p>\n<p>Arengukoost\u00f6\u00f6 \u00dcmarlaud on avalikes huvides tegutsev 31 arengukoost\u00f6\u00f6 ja maailmahariduse valdkonna kodaniku\u00fchendust esindav organisatsioon.<\/p>\n<p><em>Foto: \u00dcRO<\/em><\/p>\n","protected":false},"excerpt":{"rendered":"<p>T\u00e4na, 24. oktoobril peetakse \u00fcle maailma rahvusvahelist arengukoost\u00f6\u00f6 teadlikkuse p\u00e4eva. P\u00e4eva eesm\u00e4rgi saab kokku v\u00f5tta k\u00fcsimusega: \u201cMiks on vaja minna&#8230;<\/p>\n","protected":false},"author":32,"featured_media":7057,"comment_status":"open","ping_status":"open","sticky":false,"template":"","format":"standard","meta":{"_acf_changed":false,"footnotes":""},"categories":[3],"tags":[35,33,28,24],"class_list":["post-7215","post","type-post","status-publish","format-standard","has-post-thumbnail","hentry","category-blogi","tag-arengukoostoo","tag-majandus","tag-poliitikate-sidusus","tag-tarbimine"],"acf":[],"_links":{"self":[{"href":"https:\/\/www.terveilm.ee\/leht\/wp-json\/wp\/v2\/posts\/7215","targetHints":{"allow":["GET"]}}],"collection":[{"href":"https:\/\/www.terveilm.ee\/leht\/wp-json\/wp\/v2\/posts"}],"about":[{"href":"https:\/\/www.terveilm.ee\/leht\/wp-json\/wp\/v2\/types\/post"}],"author":[{"embeddable":true,"href":"https:\/\/www.terveilm.ee\/leht\/wp-json\/wp\/v2\/users\/32"}],"replies":[{"embeddable":true,"href":"https:\/\/www.terveilm.ee\/leht\/wp-json\/wp\/v2\/comments?post=7215"}],"version-history":[{"count":1,"href":"https:\/\/www.terveilm.ee\/leht\/wp-json\/wp\/v2\/posts\/7215\/revisions"}],"predecessor-version":[{"id":7216,"href":"https:\/\/www.terveilm.ee\/leht\/wp-json\/wp\/v2\/posts\/7215\/revisions\/7216"}],"wp:featuredmedia":[{"embeddable":true,"href":"https:\/\/www.terveilm.ee\/leht\/wp-json\/wp\/v2\/media\/7057"}],"wp:attachment":[{"href":"https:\/\/www.terveilm.ee\/leht\/wp-json\/wp\/v2\/media?parent=7215"}],"wp:term":[{"taxonomy":"category","embeddable":true,"href":"https:\/\/www.terveilm.ee\/leht\/wp-json\/wp\/v2\/categories?post=7215"},{"taxonomy":"post_tag","embeddable":true,"href":"https:\/\/www.terveilm.ee\/leht\/wp-json\/wp\/v2\/tags?post=7215"}],"curies":[{"name":"wp","href":"https:\/\/api.w.org\/{rel}","templated":true}]}}