{"id":7219,"date":"2016-11-02T08:38:19","date_gmt":"2016-11-02T06:38:19","guid":{"rendered":"http:\/\/www.terveilm.ee\/leht\/?p=7219"},"modified":"2016-11-02T08:38:19","modified_gmt":"2016-11-02T06:38:19","slug":"rahvusvaheline-paev-ajakirjanikevastase-vagivalla-lopetamiseks","status":"publish","type":"post","link":"https:\/\/www.terveilm.ee\/leht\/blogi\/rahvusvaheline-paev-ajakirjanikevastase-vagivalla-lopetamiseks\/","title":{"rendered":"Rahvusvaheline p\u00e4ev ajakirjanikevastase v\u00e4givalla l\u00f5petamiseks"},"content":{"rendered":"<p><b>T\u00e4na, 2. novembril kutsutakse k\u00f5ikjal maailmas \u00fcles m\u00f5istma hukka ajakirjanike ja meediat\u00f6\u00f6tajate vastu suunatud v\u00e4givalda. \u00dcle maailma hukkub t\u00f6\u00f6postil keskmiselt \u00fcks ajakirjanik n\u00e4dalas, kuid ajakirjanikevastased kuriteod j\u00e4\u00e4vad sageli karistuseta. <\/b><\/p>\n<p><span style=\"font-weight: 400;\">AK\u00dc juht Sigrid Solnik: \u201cMeediavabadus ei ole paljudes riikides norm ning oma t\u00f6\u00f6 v\u00f5imukriitilise m\u00f5\u00f5tme p\u00e4rast on ajakirjanikut\u00f6\u00f6 mitmel pool maailmas ohtlik elukutse. K\u00e4esoleval aastal <\/span><span style=\"font-weight: 400;\">on t\u00f6\u00f6kohustuste t\u00e4itmisel surma saanud v\u00e4hemalt 36 ajakirjanikku, alates 1992 aastast on hukkunud 1216 ajakirjanikku. Rahvusvahelise Ajakirjanike F\u00f6deratsiooni s\u00f5nul on ajakirjanike jaoks k\u00f5ige surmavamad piirkonnad L\u00f5una- ja Kagu-Aasia ning sealsed Vaikse ookeani saareriigid, eriti ohtlikena tuuakse esile Filipiine, Pakistani ja Indiat. Keskmiselt saab sealkandis aastas surma 23 ajakirjanikku.<\/span><\/p>\n<p><span style=\"font-weight: 400;\">\u00dcldiselt hukkub meediat\u00f6\u00f6tajaid n-\u00f6 rahulikes piirkondades oluliselt rohkem kui s\u00f5jatsoonis. S\u00f5ltumatu ajakirjanduse levik ning v\u00e4ljendusvabaduse suurem kasutamine on kaasa toonud ka suurema ohu neid \u00f5iguseid kasutavate ajakirjanike elule. Taoliste kuritegude lahendamise protsent on v\u00e4ga madal, \u00fcheksal juhul k\u00fcmnest p\u00e4\u00e4sevad kurjategijad karistuseta. Selline ohtlik n\u00f5iaring suurendab v\u00e4givalda ajakirjanike vastu, tekitab kurjategijates karistamatuse tunnet ning omakorda sillutab teed ajakirjandusvabaduse v\u00e4henemisele kogu maailmas.<\/span><\/p>\n<p><span style=\"font-weight: 400;\">\u201cK\u00fcllap saab iga\u00fcks aru, et s\u00f5jatanner S\u00fc\u00fcrias on ajakirjanikele ohtlik. Samas, pressivabaduse kasutajate elu ja tervis on suures ohus just pealtn\u00e4ha rahumeelsetes, ent tegelikkuses kodanike \u00f5igusi ja vabadusi piiravates, autokraatlikult valitsetavates riikides, kus v\u00f5im ei soovi, et tema tegemisi anal\u00fc\u00fcsitakse v\u00f5i veel enam, kritiseeritakse. Kui r\u00e4\u00e4gime arengukoost\u00f6\u00f6st, siis k\u00fcsitakse sageli, miks seda on vaja v\u00f5i kellele sellest on kasu? \u00dcks Eesti arengukoost\u00f6\u00f6 eesm\u00e4rkidest on hea valitsustava juurutamine ning inim\u00f5iguste ja demokraatia arengu toetamine. Selle nimel tehakse t\u00f6\u00f6d n\u00e4iteks l\u00e4hemates Kesk-Aasia riikides, mis ei ole praegu veel ajakirjanikele turvalised kohad. Eesti riik ja organisatsioonid aga t\u00f6\u00f6tavad selle nimel, et \u00fchel p\u00e4eval oleks ka sealkandis reaalne pressi- ja s\u00f5navabadus ning ajakirjanikud ei peaks oma elu p\u00e4rast kartma,\u201d r\u00e4\u00e4kis Solnik.<\/span><\/p>\n<p><span style=\"font-weight: 400;\">\u00dcRO otsustas 2. novembri p\u00fchendada selleks, et peatada ajakirjanikevastane v\u00e4givald. See p\u00e4ev valiti kahe Prantsuse ajakirjaniku, \u00a0Ghislaine Dupont&#8217;i and Claude Verlon&#8217;i m\u00e4lestuseks, kes m\u00f5rvati Malis 2. novembril 2013. aastal. Kurjategijaid ei tabatud. <\/span><\/p>\n<p><span style=\"font-weight: 400;\">Arengukoost\u00f6\u00f6 \u00dcmarlaud on avalikes huvides tegutsev 31 arengukoost\u00f6\u00f6 ja maailmahariduse valdkonna kodaniku\u00fchendust esindav organisatsioon.<\/span><\/p>\n","protected":false},"excerpt":{"rendered":"<p>T\u00e4na, 2. novembril kutsutakse k\u00f5ikjal maailmas \u00fcles m\u00f5istma hukka ajakirjanike ja meediat\u00f6\u00f6tajate vastu suunatud v\u00e4givalda. \u00dcle maailma hukkub t\u00f6\u00f6postil keskmiselt&#8230;<\/p>\n","protected":false},"author":32,"featured_media":7220,"comment_status":"open","ping_status":"open","sticky":false,"template":"","format":"standard","meta":{"_acf_changed":false,"footnotes":""},"categories":[3],"tags":[23],"class_list":["post-7219","post","type-post","status-publish","format-standard","has-post-thumbnail","hentry","category-blogi","tag-inimoigused"],"acf":[],"_links":{"self":[{"href":"https:\/\/www.terveilm.ee\/leht\/wp-json\/wp\/v2\/posts\/7219","targetHints":{"allow":["GET"]}}],"collection":[{"href":"https:\/\/www.terveilm.ee\/leht\/wp-json\/wp\/v2\/posts"}],"about":[{"href":"https:\/\/www.terveilm.ee\/leht\/wp-json\/wp\/v2\/types\/post"}],"author":[{"embeddable":true,"href":"https:\/\/www.terveilm.ee\/leht\/wp-json\/wp\/v2\/users\/32"}],"replies":[{"embeddable":true,"href":"https:\/\/www.terveilm.ee\/leht\/wp-json\/wp\/v2\/comments?post=7219"}],"version-history":[{"count":2,"href":"https:\/\/www.terveilm.ee\/leht\/wp-json\/wp\/v2\/posts\/7219\/revisions"}],"predecessor-version":[{"id":7222,"href":"https:\/\/www.terveilm.ee\/leht\/wp-json\/wp\/v2\/posts\/7219\/revisions\/7222"}],"wp:featuredmedia":[{"embeddable":true,"href":"https:\/\/www.terveilm.ee\/leht\/wp-json\/wp\/v2\/media\/7220"}],"wp:attachment":[{"href":"https:\/\/www.terveilm.ee\/leht\/wp-json\/wp\/v2\/media?parent=7219"}],"wp:term":[{"taxonomy":"category","embeddable":true,"href":"https:\/\/www.terveilm.ee\/leht\/wp-json\/wp\/v2\/categories?post=7219"},{"taxonomy":"post_tag","embeddable":true,"href":"https:\/\/www.terveilm.ee\/leht\/wp-json\/wp\/v2\/tags?post=7219"}],"curies":[{"name":"wp","href":"https:\/\/api.w.org\/{rel}","templated":true}]}}