{"id":7258,"date":"2016-11-11T12:29:35","date_gmt":"2016-11-11T10:29:35","guid":{"rendered":"http:\/\/www.terveilm.ee\/leht\/?p=7258"},"modified":"2016-11-11T12:31:46","modified_gmt":"2016-11-11T10:31:46","slug":"eelinfo1","status":"publish","type":"post","link":"https:\/\/www.terveilm.ee\/leht\/blogi\/eelinfo1\/","title":{"rendered":"AK\u00dc liikmete eelinfo, 14. &#8211; 20. november"},"content":{"rendered":"<p>&nbsp;<\/p>\n<p>Arengukoost\u00f6\u00f6 \u00dcmarlaud alustas 31 liikmesorganisatsiooni n\u00e4dala eelinfo kogumist ja saatmist. J\u00e4rgmise n\u00e4dala s\u00fcndmused saadame reedeti meediale, AK\u00dc liikmetele ja arengukoost\u00f6\u00f6 huviliste listi. Kui soovid info saajatega \u00fchineda, kirjuta katrin@terveilm.ee<\/p>\n<ul>\n<li>J\u00e4rgmine n\u00e4dalal on maailmahariduse n\u00e4dal. Sel puhul tutvustatakse koolides \u00fcle Eesti \u00f5ppematerjale \u2013 maailma eri riikidest r\u00e4\u00e4kivaid fotomappe ja uut r\u00e4ndekriisi k\u00e4sitlevat lauam\u00e4ngu. Lisainfo: MT\u00dc Mondo, Aliine Lotman \u2013 58416717, aliine@mondo.org.ee, <a href=\"http:\/\/www.maailmakool.ee\/\">www.maailmakool.ee<\/a><\/li>\n<\/ul>\n<ul>\n<li>Kolmap\u00e4eval 16. novembril kell 17.00 toimub Eesti Keele Instituudi suures saalis H\u00f5imuklubi \u201eKalendri kaudu soome-ugri rahvaste juurde\u201c. Rahvaluuleteadlane Mall Hiiem\u00e4e r\u00e4\u00e4gib l\u00e4\u00e4nemeresoome rahvaste rahvakalendri sarnasustest ja erinevustest. Keeleteadlane Heinike Heinsoo tutvustab 2017\/2018. aasta vadja lugemik-kalendrit \u201eVad \u0301d \u0301da luk\u00f5mikko-p\u00e4ivezikko\u201c. Folklorist Madis Arukask n\u00e4itab ja kommenteerib dokumentaalfilmi \u201eVadja aabitsa lugu\u201c. Lisainfo: MT\u00dc Fenno-Ugria Asutus, Gerda K\u00e4rner, <a href=\"mailto:info@fennougria.ee\">info@fennougria.ee<\/a>, 644 5119, 5895 8680 <a href=\"https:\/\/fennougria.ee\/events\/event\/hoimuklubi-kalendri-kaudu-soome-ugri-rahvaste-juurde\/\">https:\/\/fennougria.ee\/events\/event\/hoimuklubi-kalendri-kaudu-soome-ugri-rahvaste-juurde\/<\/a><\/li>\n<\/ul>\n<ul>\n<li>16. november on rahvusvaheline sallivuse p\u00e4ev.<\/li>\n<\/ul>\n<ul>\n<li>19. november on rahvusvaheline kempsup\u00e4ev (ja selles pole midagi naljakat). \u00dcle maailma p\u00f5hjustavad sanitaarprobleemid miljoneid surmasid ja haigestumisi, paljudes riikides ei saa t\u00fcdrukud tualeti puudumisel koolis k\u00e4ia. Lisainfo: Arengukoost\u00f6\u00f6 \u00dcmarlaud, Katrin P\u00e4rgm\u00e4e, 56623823, <a href=\"mailto:katrin@terveilm.ee\">katrin@terveilm.ee<\/a><\/li>\n<\/ul>\n<p>&nbsp;<\/p>\n","protected":false},"excerpt":{"rendered":"<p>&nbsp; Arengukoost\u00f6\u00f6 \u00dcmarlaud alustas 31 liikmesorganisatsiooni n\u00e4dala eelinfo kogumist ja saatmist. J\u00e4rgmise n\u00e4dala s\u00fcndmused saadame reedeti meediale, AK\u00dc liikmetele ja&#8230;<\/p>\n","protected":false},"author":32,"featured_media":5635,"comment_status":"open","ping_status":"open","sticky":false,"template":"","format":"standard","meta":{"_acf_changed":false,"footnotes":""},"categories":[7],"tags":[31],"class_list":["post-7258","post","type-post","status-publish","format-standard","has-post-thumbnail","hentry","category-uudised","tag-aku"],"acf":[],"_links":{"self":[{"href":"https:\/\/www.terveilm.ee\/leht\/wp-json\/wp\/v2\/posts\/7258","targetHints":{"allow":["GET"]}}],"collection":[{"href":"https:\/\/www.terveilm.ee\/leht\/wp-json\/wp\/v2\/posts"}],"about":[{"href":"https:\/\/www.terveilm.ee\/leht\/wp-json\/wp\/v2\/types\/post"}],"author":[{"embeddable":true,"href":"https:\/\/www.terveilm.ee\/leht\/wp-json\/wp\/v2\/users\/32"}],"replies":[{"embeddable":true,"href":"https:\/\/www.terveilm.ee\/leht\/wp-json\/wp\/v2\/comments?post=7258"}],"version-history":[{"count":3,"href":"https:\/\/www.terveilm.ee\/leht\/wp-json\/wp\/v2\/posts\/7258\/revisions"}],"predecessor-version":[{"id":7261,"href":"https:\/\/www.terveilm.ee\/leht\/wp-json\/wp\/v2\/posts\/7258\/revisions\/7261"}],"wp:featuredmedia":[{"embeddable":true,"href":"https:\/\/www.terveilm.ee\/leht\/wp-json\/wp\/v2\/media\/5635"}],"wp:attachment":[{"href":"https:\/\/www.terveilm.ee\/leht\/wp-json\/wp\/v2\/media?parent=7258"}],"wp:term":[{"taxonomy":"category","embeddable":true,"href":"https:\/\/www.terveilm.ee\/leht\/wp-json\/wp\/v2\/categories?post=7258"},{"taxonomy":"post_tag","embeddable":true,"href":"https:\/\/www.terveilm.ee\/leht\/wp-json\/wp\/v2\/tags?post=7258"}],"curies":[{"name":"wp","href":"https:\/\/api.w.org\/{rel}","templated":true}]}}