{"id":7264,"date":"2016-11-18T11:48:35","date_gmt":"2016-11-18T09:48:35","guid":{"rendered":"http:\/\/www.terveilm.ee\/leht\/?p=7264"},"modified":"2016-11-25T16:43:29","modified_gmt":"2016-11-25T14:43:29","slug":"eelinfo-21-27-11-maailmahariduse-nadal","status":"publish","type":"post","link":"https:\/\/www.terveilm.ee\/leht\/blogi\/eelinfo-21-27-11-maailmahariduse-nadal\/","title":{"rendered":"Eelinfo 21.-27. nov &#8211; maailmahariduse n\u00e4dal!"},"content":{"rendered":"<p><b>Arengukoost\u00f6\u00f6 \u00dcmarlaud (AK\u00dc)<\/b><\/p>\n<p><b>N\u00e4dala eelinfo 21.-27. november<\/b><\/p>\n<p><b>Taustaks:<\/b><\/p>\n<ul>\n<li style=\"font-weight: 400;\"><span style=\"font-weight: 400;\">21.-25. november on maailmahariduse n\u00e4dal. See toimub \u00fcle Euroopa. <a href=\"http:\/\/nscglobaleducation.org\/index.php\/ge-week\" target=\"_blank\">Rohkem infot siit<\/a>. Eestis korraldab programme People to People. Lisainfo: Ruta Pels,\u00a0ruta.pels@mail.ru,\u00a0<a href=\"http:\/\/www.ptpi.org\/Programs\/Global-Youth-Murals\">http:\/\/www.ptpi.org\/Programs\/Global-Youth-Murals<\/a>\u00a0<\/span><\/li>\n<li style=\"font-weight: 400;\"><span style=\"font-weight: 400;\">25. november on rahvusvaheline naistevastase v\u00e4givalla l\u00f5petamise p\u00e4ev.<\/span><\/li>\n<\/ul>\n<p><span style=\"font-weight: 400;\">\u00dcldine lisainfo:\u00a0Katrin P\u00e4rgm\u00e4e,\u00a0Arengukoost\u00f6\u00f6 \u00dcmarlaud, 56 623 823, <a href=\"mailto:katrin@terveilm.ee\" target=\"_blank\">katrin@terveilm.ee<\/a><br \/>\n<\/span><span style=\"font-weight: 400;\"><br \/>\n<\/span><b>Peipsi Koost\u00f6\u00f6 Keskus:<\/b><\/p>\n<ul>\n<li style=\"font-weight: 400;\"><span style=\"font-weight: 400;\">21-25 novembril \u00a0peab <a href=\"http:\/\/www.ctc.ee\/kaimasolevad-projektid\/teavitus\" target=\"_blank\">Alatskivi kool maailman\u00e4dalat<\/a>. N\u00e4dal algab kliimapagulaste teemalise \u00f5ppeprogrammiga \u00a0\u201eKujuteldav teekond\u201d .Teisip\u00e4eva teema on vabatahtlik t\u00f6\u00f6, kolmap\u00e4eval \u00f5iglane kaubandus. N\u00e4dala kulminatsiooniks on neljap\u00e4eval toimuv \u00f5iglase kaubanduse kohvik. Koolis on \u00fcleval n\u00e4itus kliimamuutuse ja kliimapagulaste teemalistest plakatitest.<\/span><\/li>\n<\/ul>\n<p><span style=\"font-weight: 400;\">Lisainfo: Margit S\u00e4re, <\/span><a href=\"mailto:Margitsare@gmail.com\"><span style=\"font-weight: 400;\">Margitsare@gmail.com<\/span><\/a><span style=\"font-weight: 400;\">, 5088409.<\/span><\/p>\n<p><b> MT\u00dc Mondo:<\/b><\/p>\n<ul>\n<li style=\"font-weight: 400;\"><span style=\"font-weight: 400;\">22. novembril kell 14.30-18.30 toimub <\/span><a href=\"http:\/\/mty.arenduskeskused.ee\/yhisnadal\/programm\/vorumaa?syndmus=2223-Inspiratsiooniseminar---Kas-eestlane-hoolib-ainult-kampaania-korras?-&amp;year=2016\"><span style=\"font-weight: 400;\">V\u00f5rumaa \u00dchisn\u00e4dala raames<\/span><\/a><span style=\"font-weight: 400;\"> S\u00e4nna Kultuurim\u00f5isas inspiratsiooniseminar <\/span><span style=\"font-weight: 400;\">\u201cKas eestlane hoolib ainult kampaania korras?\u201d, kus Diana Tamm r\u00e4\u00e4gib Mondo tegemistest L\u00e4\u00e4ne-Aafrikas: &#8220;Lugu Ghanast \u2013 abi andmisest sotsiaalse ettev\u00f5tluseni&#8221;.<\/span><\/li>\n<\/ul>\n<ul>\n<li style=\"font-weight: 400;\"><span style=\"font-weight: 400;\">24. novembril kell 18.00 kutsub Mondo k\u00fclla, et arutada Eesti Rahvusringh\u00e4\u00e4lingu ajakirjaniku Arp M\u00fclleriga sellest, mida ta suvel Palestiinas dokfilmi tehes n\u00e4gi ja koges. Vaatame ka valminud filmi &#8220;Meie maailm on nende oma&#8221; ning arutleme n\u00e4htu \u00fcle. <\/span><a href=\"https:\/\/www.facebook.com\/events\/1641374099488927\/\"><span style=\"font-weight: 400;\">https:\/\/www.facebook.com\/events\/1641374099488927\/<\/span><\/a><\/li>\n<li style=\"font-weight: 400;\"><span style=\"font-weight: 400;\">25. novembril kell 14-17 toimub Puurmani m\u00f5isas <\/span><a href=\"http:\/\/mty.arenduskeskused.ee\/yhisnadal\/programm\/jogevamaa?syndmus=2259-J%C3%B5gevamaa-kodaniku%C3%BChenduste-tunnustamis%C3%BCritus\"><span style=\"font-weight: 400;\">J\u00f5gevamaa kodaniku\u00fchenduste tunnustamis\u00fcritus<\/span><\/a><span style=\"font-weight: 400;\">, kus Diana Tamm r\u00e4\u00e4gib Mondo sotsiaalsest ettev\u00f5tlusest Ghanas ja Ugandas<\/span> <span style=\"font-weight: 400;\">ning Aafrika r\u00fctmidega esineb trummitrupp Kuku-Kuku.<\/span><\/li>\n<li style=\"font-weight: 400;\"><span style=\"font-weight: 400;\">26.\u201327.novembril korraldab Mondo koost\u00f6\u00f6s Soome \u00fche tuntuma disaini- ja loovagentuuriga M\u00e5ndag sotsiaalmeedia koolituse ligi 20 noorele ajakirjandustudengile ning meediaharidusest huvitatud \u00fcli\u00f5pilastele. Arutatakse ka selle \u00fcle, millise pildi saavad noored sisser\u00e4ndajatest sotsiaalmeedia kaudu ning kuidas m\u00f5jutab vihak\u00f5ne sotsiaalmeedia-keskkondasid. Koolitusel osalevad noored Soomest, L\u00e4tist ja Eestist.<\/span><\/li>\n<\/ul>\n<p><span style=\"font-weight: 400;\"> Lisainfo: Aliine Lotman, 58416717, <\/span><a href=\"mailto:aliine@mondo.org.ee\"><span style=\"font-weight: 400;\">aliine@mondo.org.ee<\/span><\/a><\/p>\n","protected":false},"excerpt":{"rendered":"<p>Arengukoost\u00f6\u00f6 \u00dcmarlaud (AK\u00dc) N\u00e4dala eelinfo 21.-27. november Taustaks: 21.-25. november on maailmahariduse n\u00e4dal. See toimub \u00fcle Euroopa. Rohkem infot siit&#8230;.<\/p>\n","protected":false},"author":32,"featured_media":7265,"comment_status":"open","ping_status":"open","sticky":false,"template":"","format":"standard","meta":{"_acf_changed":false,"footnotes":""},"categories":[7],"tags":[31],"class_list":["post-7264","post","type-post","status-publish","format-standard","has-post-thumbnail","hentry","category-uudised","tag-aku"],"acf":[],"_links":{"self":[{"href":"https:\/\/www.terveilm.ee\/leht\/wp-json\/wp\/v2\/posts\/7264","targetHints":{"allow":["GET"]}}],"collection":[{"href":"https:\/\/www.terveilm.ee\/leht\/wp-json\/wp\/v2\/posts"}],"about":[{"href":"https:\/\/www.terveilm.ee\/leht\/wp-json\/wp\/v2\/types\/post"}],"author":[{"embeddable":true,"href":"https:\/\/www.terveilm.ee\/leht\/wp-json\/wp\/v2\/users\/32"}],"replies":[{"embeddable":true,"href":"https:\/\/www.terveilm.ee\/leht\/wp-json\/wp\/v2\/comments?post=7264"}],"version-history":[{"count":5,"href":"https:\/\/www.terveilm.ee\/leht\/wp-json\/wp\/v2\/posts\/7264\/revisions"}],"predecessor-version":[{"id":7294,"href":"https:\/\/www.terveilm.ee\/leht\/wp-json\/wp\/v2\/posts\/7264\/revisions\/7294"}],"wp:featuredmedia":[{"embeddable":true,"href":"https:\/\/www.terveilm.ee\/leht\/wp-json\/wp\/v2\/media\/7265"}],"wp:attachment":[{"href":"https:\/\/www.terveilm.ee\/leht\/wp-json\/wp\/v2\/media?parent=7264"}],"wp:term":[{"taxonomy":"category","embeddable":true,"href":"https:\/\/www.terveilm.ee\/leht\/wp-json\/wp\/v2\/categories?post=7264"},{"taxonomy":"post_tag","embeddable":true,"href":"https:\/\/www.terveilm.ee\/leht\/wp-json\/wp\/v2\/tags?post=7264"}],"curies":[{"name":"wp","href":"https:\/\/api.w.org\/{rel}","templated":true}]}}