{"id":7291,"date":"2016-11-25T13:42:13","date_gmt":"2016-11-25T11:42:13","guid":{"rendered":"http:\/\/www.terveilm.ee\/leht\/?p=7291"},"modified":"2016-11-25T16:43:04","modified_gmt":"2016-11-25T14:43:04","slug":"nadala-eelinfo-28-nov-4-dets","status":"publish","type":"post","link":"https:\/\/www.terveilm.ee\/leht\/blogi\/nadala-eelinfo-28-nov-4-dets\/","title":{"rendered":"Eelinfo 28. nov &#8211; 4. dets"},"content":{"rendered":"<p>&nbsp;<\/p>\n<p><strong>Arengukoost\u00f6\u00f6 \u00dcmarlaud<\/strong> alustab 1. detsembril kampaaniaga \u201cKingi targalt\u201d, mis kutsub detsembri jooksul m\u00f5\u00f5dutundetu tarbimise asemel targalt kinkima. Tahame suurendada laste r\u00f5\u00f5mu ja toetada k\u00f5iki, kes leiavad, et rohkem ei ole alati parem.<\/p>\n<p>Lisainfo: Katrin P\u00e4rgm\u00e4e, 56623823, katrin@terveilm.ee<\/p>\n<p><strong>E-riigi Akadeemia:<\/strong><\/p>\n<ul>\n<li>J\u00e4rgmisel n\u00e4dalal on Eestis koolitusel Usbekistani kohtunikud, et tutvuda IKT-lahenduste kasutamisega kohtute t\u00f6\u00f6s. K\u00fclastatakse ka J\u00f5geva ja Tartu maakohtuid ja riigikohust.<\/li>\n<li>E-riigi eksperdid Liia H\u00e4nni, Ivar Tallo, Annela Kiirats ja k\u00fcberturvalisuse ekspert Markko K\u00fcnnapu osalevad Indias, Nagalandi osariigis IKT teemadele p\u00fchendatud Naga Summitil, kus tutvustavad Eesti e-riigi lahendusi.<\/li>\n<\/ul>\n<p>Lisainfo: Anu Vahtra-Hellat, \u00a0517 7671, anu.vahtra-hellat@ega.ee<\/p>\n<p><strong>MT\u00dc Mondo:<\/strong><\/p>\n<ul>\n<li>11 algab Ukrainas, Severodonetskis maailmahariduse koolitus kohalikele \u00f5petajatele. Koolituskursus toimub 30.11-3.12 Severodonetskis ning sellest v\u00f5tavad osa 30 \u00f5petajat k\u00fcmnest Ida-Ukraina koolist. Eesti kogemust annavad edasi Narva Soldino G\u00fcmnaasiumi pedagoogid, kes tutvustavad Mondo materjalide p\u00f5hjal ukrainlastele maailmahariduse meetodeid.<\/li>\n<\/ul>\n<p>Lisainfo: Aliine Lotman, 58416717, <a href=\"mailto:aliine@mondo.org.ee\">aliine@mondo.org.ee<\/a><\/p>\n","protected":false},"excerpt":{"rendered":"<p>&nbsp; Arengukoost\u00f6\u00f6 \u00dcmarlaud alustab 1. detsembril kampaaniaga \u201cKingi targalt\u201d, mis kutsub detsembri jooksul m\u00f5\u00f5dutundetu tarbimise asemel targalt kinkima. Tahame suurendada&#8230;<\/p>\n","protected":false},"author":32,"featured_media":3881,"comment_status":"open","ping_status":"open","sticky":false,"template":"","format":"standard","meta":{"_acf_changed":false,"footnotes":""},"categories":[7],"tags":[31],"class_list":["post-7291","post","type-post","status-publish","format-standard","has-post-thumbnail","hentry","category-uudised","tag-aku"],"acf":[],"_links":{"self":[{"href":"https:\/\/www.terveilm.ee\/leht\/wp-json\/wp\/v2\/posts\/7291","targetHints":{"allow":["GET"]}}],"collection":[{"href":"https:\/\/www.terveilm.ee\/leht\/wp-json\/wp\/v2\/posts"}],"about":[{"href":"https:\/\/www.terveilm.ee\/leht\/wp-json\/wp\/v2\/types\/post"}],"author":[{"embeddable":true,"href":"https:\/\/www.terveilm.ee\/leht\/wp-json\/wp\/v2\/users\/32"}],"replies":[{"embeddable":true,"href":"https:\/\/www.terveilm.ee\/leht\/wp-json\/wp\/v2\/comments?post=7291"}],"version-history":[{"count":2,"href":"https:\/\/www.terveilm.ee\/leht\/wp-json\/wp\/v2\/posts\/7291\/revisions"}],"predecessor-version":[{"id":7293,"href":"https:\/\/www.terveilm.ee\/leht\/wp-json\/wp\/v2\/posts\/7291\/revisions\/7293"}],"wp:featuredmedia":[{"embeddable":true,"href":"https:\/\/www.terveilm.ee\/leht\/wp-json\/wp\/v2\/media\/3881"}],"wp:attachment":[{"href":"https:\/\/www.terveilm.ee\/leht\/wp-json\/wp\/v2\/media?parent=7291"}],"wp:term":[{"taxonomy":"category","embeddable":true,"href":"https:\/\/www.terveilm.ee\/leht\/wp-json\/wp\/v2\/categories?post=7291"},{"taxonomy":"post_tag","embeddable":true,"href":"https:\/\/www.terveilm.ee\/leht\/wp-json\/wp\/v2\/tags?post=7291"}],"curies":[{"name":"wp","href":"https:\/\/api.w.org\/{rel}","templated":true}]}}