{"id":7439,"date":"2017-01-13T12:13:37","date_gmt":"2017-01-13T10:13:37","guid":{"rendered":"http:\/\/www.terveilm.ee\/leht\/?p=7439"},"modified":"2017-01-17T12:04:07","modified_gmt":"2017-01-17T10:04:07","slug":"aku-liikmete-eelinfo-16-22-jaanuar","status":"publish","type":"post","link":"https:\/\/www.terveilm.ee\/leht\/blogi\/aku-liikmete-eelinfo-16-22-jaanuar\/","title":{"rendered":"AK\u00dc liikmete eelinfo 16. &#8211; 22. jaanuar"},"content":{"rendered":"<p>&nbsp;<\/p>\n<p><b>MT\u00dc Pagulasabi <\/b><span style=\"font-weight: 400;\">otsib jaanuari l\u00f5puni vabatahtlikke pagulaste tugiisikuid J\u00e4rva-, Rapla- ja Harjumaale (sh Tallinn). <a href=\"http:\/\/www.pagulasabi.ee\/otsime-vabatahtlikke-tugiisikuid\" target=\"_blank\">T\u00e4psem info siit.<\/a><\/span><\/p>\n<p><span style=\"font-weight: 400;\">Lisainfo: Eero Janson, 517 4334, <\/span><a href=\"mailto:eero@pagulasabi.ee\"><span style=\"font-weight: 400;\">eero@pagulasabi.ee<\/span><\/a><\/p>\n<p><b>E-riigi Akadeemia:<\/b><\/p>\n<ul>\n<li style=\"font-weight: 400;\"><span style=\"font-weight: 400;\">E-riigi Akadeemia eksperdid s\u00f5idavad n\u00f5ustama Mauriitiuse e-valitsemise m\u00f5ttekeskuse loomist, mis aitaks koolitada Aafrika ja Okeaania ametnikke e-valitsemise teemadel. <\/span><\/li>\n<li style=\"font-weight: 400;\"><span style=\"font-weight: 400;\">K\u00fcberturvalisuse eksperdid on terve n\u00e4dala Palestiinas alustamas k\u00fcberturvalisuse projekti. Selle eesm\u00e4rk on anda Palestiinale strateegilist teadmust turvalise andmevahetuse osas ning t\u00f5sta turvaintsidentide halduskeskuse PALTCERT v\u00f5imekust k\u00fcberintsidente ennetada ja neile reageerida. <\/span><\/li>\n<li style=\"font-weight: 400;\"><span style=\"font-weight: 400;\">16. \u2013 20. jaanuaril toimub e-valitsemise koolitus Tad\u017eikistani ametnikele.<\/span><\/li>\n<li style=\"font-weight: 400;\"><span style=\"font-weight: 400;\">17. \u2013 20. jaanuaril tutvuvad Kosova maksuameti t\u00f6\u00f6tajad Eesti e-riigi juhtimise ja maksuameti elektrooniliste teenustega.<\/span><\/li>\n<\/ul>\n<p><span style=\"font-weight: 400;\">Lisainfo: <\/span><span style=\"font-weight: 400;\">Anu Vahtra-Hellat, \u00a0517 7671, <a href=\"mailto:anu.vahtra-hellat@ega.ee\" target=\"_blank\">anu.vahtra-hellat@ega.ee<\/a>\u00a0<\/span><\/p>\n<p><b>MT\u00dc Mondo:<\/b><\/p>\n<ul>\n<li style=\"font-weight: 400;\"><span style=\"font-weight: 400;\">Mondo ootab osalisi <\/span><a href=\"http:\/\/www.maailmakool.ee\/teated\/sotsiaalmeedia-talvekool-16-19-02\/\"><span style=\"font-weight: 400;\">sotsiaalmeedia talvekool<\/span><\/a><span style=\"font-weight: 400;\">i 16.\u201319.veebruaril P\u00e4rnus! Osalema on oodatud eelk\u00f5ige meedia, ajakirjanduse ja kommunikatsiooni \u00fcli\u00f5pilased, noorsoot\u00f6\u00f6tajad, \u00f5petajad ja noored.<\/span><\/li>\n<li style=\"font-weight: 400;\"><span style=\"font-weight: 400;\">Mondo hariduslikus <\/span><a href=\"http:\/\/filmikogu.maailmakool.ee\/\"><span style=\"font-weight: 400;\">filmikogus<\/span><\/a><span style=\"font-weight: 400;\"> on \u00fcleval uued inim\u00f5iguste-teemalised filmid &#8220;S\u00fc\u00fcria armastuslugu&#8221;, &#8220;Sonita&#8221; ning &#8220;Aasta ilma vanemateta&#8221; ja t\u00f6\u00f6lehed filmide \u00fcle arutlemiseks (nii eesti kui vene keeles). Filmikogust on v\u00f5imalik laenutada tasuta filme nii koolidel kui noorte filmiklubidel.<\/span><\/li>\n<li style=\"font-weight: 400;\"><span style=\"font-weight: 400;\">Kestab Mondo <\/span><a href=\"http:\/\/www.maailmakool.ee\/esseekonkurss-20162017-kirjuta-ennast-ghanasse\/\"><span style=\"font-weight: 400;\">esseekonkurss<\/span><\/a><span style=\"font-weight: 400;\"> g\u00fcmnasistidele, t\u00e4htaeg on 27. jaanuar. Peaauhind on \u00f5ppereis Ghanasse!<\/span><\/li>\n<\/ul>\n<p><span style=\"font-weight: 400;\"> Lisainfo: Aliine Lotman, 58416717, <\/span><a href=\"mailto:aliine@mondo.org.ee\"><span style=\"font-weight: 400;\">aliine@mondo.org.ee<\/span><\/a><\/p>\n","protected":false},"excerpt":{"rendered":"<p>&nbsp; MT\u00dc Pagulasabi otsib jaanuari l\u00f5puni vabatahtlikke pagulaste tugiisikuid J\u00e4rva-, Rapla- ja Harjumaale (sh Tallinn). T\u00e4psem info siit. Lisainfo: Eero&#8230;<\/p>\n","protected":false},"author":32,"featured_media":7034,"comment_status":"open","ping_status":"open","sticky":false,"template":"","format":"standard","meta":{"_acf_changed":false,"footnotes":""},"categories":[7],"tags":[31],"class_list":["post-7439","post","type-post","status-publish","format-standard","has-post-thumbnail","hentry","category-uudised","tag-aku"],"acf":[],"_links":{"self":[{"href":"https:\/\/www.terveilm.ee\/leht\/wp-json\/wp\/v2\/posts\/7439","targetHints":{"allow":["GET"]}}],"collection":[{"href":"https:\/\/www.terveilm.ee\/leht\/wp-json\/wp\/v2\/posts"}],"about":[{"href":"https:\/\/www.terveilm.ee\/leht\/wp-json\/wp\/v2\/types\/post"}],"author":[{"embeddable":true,"href":"https:\/\/www.terveilm.ee\/leht\/wp-json\/wp\/v2\/users\/32"}],"replies":[{"embeddable":true,"href":"https:\/\/www.terveilm.ee\/leht\/wp-json\/wp\/v2\/comments?post=7439"}],"version-history":[{"count":2,"href":"https:\/\/www.terveilm.ee\/leht\/wp-json\/wp\/v2\/posts\/7439\/revisions"}],"predecessor-version":[{"id":7484,"href":"https:\/\/www.terveilm.ee\/leht\/wp-json\/wp\/v2\/posts\/7439\/revisions\/7484"}],"wp:featuredmedia":[{"embeddable":true,"href":"https:\/\/www.terveilm.ee\/leht\/wp-json\/wp\/v2\/media\/7034"}],"wp:attachment":[{"href":"https:\/\/www.terveilm.ee\/leht\/wp-json\/wp\/v2\/media?parent=7439"}],"wp:term":[{"taxonomy":"category","embeddable":true,"href":"https:\/\/www.terveilm.ee\/leht\/wp-json\/wp\/v2\/categories?post=7439"},{"taxonomy":"post_tag","embeddable":true,"href":"https:\/\/www.terveilm.ee\/leht\/wp-json\/wp\/v2\/tags?post=7439"}],"curies":[{"name":"wp","href":"https:\/\/api.w.org\/{rel}","templated":true}]}}