{"id":7533,"date":"2017-02-10T14:02:41","date_gmt":"2017-02-10T12:02:41","guid":{"rendered":"http:\/\/www.terveilm.ee\/leht\/?p=7533"},"modified":"2017-02-10T14:04:04","modified_gmt":"2017-02-10T12:04:04","slug":"aku-liikmete-eelinfo-13-19-veebruar","status":"publish","type":"post","link":"https:\/\/www.terveilm.ee\/leht\/blogi\/aku-liikmete-eelinfo-13-19-veebruar\/","title":{"rendered":"AK\u00dc liikmete eelinfo 13. \u2013 19. veebruar"},"content":{"rendered":"<p><strong>E-riigi Akadeemia<\/strong><\/p>\n<p>J\u00e4rgmisel n\u00e4dalal viibib E-riigi Akadeemia tegevjuht Arvo Ott V\u00e4lisministeeriumi delegatsiooniga Nepalis. Ta kohtub e-valitsemisest huvitatud ametkondade ja organisatsioonidega, et arutada koost\u00f6\u00f6d sealse e-valitsemise arendamiseks.<\/p>\n<p>Lisainfo: Anu Vahtra-Hellat, 517 7671, <a href=\"mailto:anu.vahtra-hellat@ega.ee\" target=\"_blank\">anu.vahtra-hellat@ega.ee<\/a><\/p>\n<p><strong>MT\u00dc Mondo<\/strong><\/p>\n<p><strong>Eesti abi Afganistanis.<\/strong> MT\u00dc humanitaarabiekspert Gert Teder r\u00e4\u00e4gib videos, miks Eesti ja Afganistani p\u00e4\u00e4steteenistuste koost\u00f6\u00f6 on vajalik. Vaata videot siit: <a href=\"https:\/\/www.facebook.com\/muudamaailma\/videos\/10154802641920516\/\" target=\"_blank\">https:\/\/www.facebook.com\/muudamaailma\/videos\/10154802641920516\/<\/a><\/p>\n<p><strong>Kooli algus Keenias.<\/strong> Sel kooliaastal l\u00e4heb eestlaste abiga Keenias, Ghanas ja Birmas kooli 305 last. Loe Keenia koolialgusest vabatahtlik <a href=\"http:\/\/shianda.blogspot.com.ee\/search\/label\/Olle\" target=\"_blank\">Olle Kaidro blogist<\/a> ning vaata Mondo Tarkusefondi stipendiaatide lugusid <a href=\"https:\/\/www.facebook.com\/pg\/muudamaailma\/photos\/?tab=album&amp;album_id=10154788215590516\" target=\"_blank\">siit galeriist<\/a>.<\/p>\n<p>Lisainfo: Aliine Lotman, 58416717, <a href=\"mailto:aliine@mondo.org.ee\" target=\"_blank\">aliine@mondo.org.ee<\/a><\/p>\n<p><em>Foto: MT\u00dc Mondo<\/em><\/p>\n","protected":false},"excerpt":{"rendered":"<p>E-riigi Akadeemia J\u00e4rgmisel n\u00e4dalal viibib E-riigi Akadeemia tegevjuht Arvo Ott V\u00e4lisministeeriumi delegatsiooniga Nepalis. Ta kohtub e-valitsemisest huvitatud ametkondade ja organisatsioonidega,&#8230;<\/p>\n","protected":false},"author":32,"featured_media":7536,"comment_status":"open","ping_status":"open","sticky":false,"template":"","format":"standard","meta":{"_acf_changed":false,"footnotes":""},"categories":[7],"tags":[31],"class_list":["post-7533","post","type-post","status-publish","format-standard","has-post-thumbnail","hentry","category-uudised","tag-aku"],"acf":[],"_links":{"self":[{"href":"https:\/\/www.terveilm.ee\/leht\/wp-json\/wp\/v2\/posts\/7533","targetHints":{"allow":["GET"]}}],"collection":[{"href":"https:\/\/www.terveilm.ee\/leht\/wp-json\/wp\/v2\/posts"}],"about":[{"href":"https:\/\/www.terveilm.ee\/leht\/wp-json\/wp\/v2\/types\/post"}],"author":[{"embeddable":true,"href":"https:\/\/www.terveilm.ee\/leht\/wp-json\/wp\/v2\/users\/32"}],"replies":[{"embeddable":true,"href":"https:\/\/www.terveilm.ee\/leht\/wp-json\/wp\/v2\/comments?post=7533"}],"version-history":[{"count":2,"href":"https:\/\/www.terveilm.ee\/leht\/wp-json\/wp\/v2\/posts\/7533\/revisions"}],"predecessor-version":[{"id":7537,"href":"https:\/\/www.terveilm.ee\/leht\/wp-json\/wp\/v2\/posts\/7533\/revisions\/7537"}],"wp:featuredmedia":[{"embeddable":true,"href":"https:\/\/www.terveilm.ee\/leht\/wp-json\/wp\/v2\/media\/7536"}],"wp:attachment":[{"href":"https:\/\/www.terveilm.ee\/leht\/wp-json\/wp\/v2\/media?parent=7533"}],"wp:term":[{"taxonomy":"category","embeddable":true,"href":"https:\/\/www.terveilm.ee\/leht\/wp-json\/wp\/v2\/categories?post=7533"},{"taxonomy":"post_tag","embeddable":true,"href":"https:\/\/www.terveilm.ee\/leht\/wp-json\/wp\/v2\/tags?post=7533"}],"curies":[{"name":"wp","href":"https:\/\/api.w.org\/{rel}","templated":true}]}}