{"id":7542,"date":"2017-02-16T11:10:35","date_gmt":"2017-02-16T09:10:35","guid":{"rendered":"http:\/\/www.terveilm.ee\/leht\/?p=7542"},"modified":"2017-02-16T11:12:48","modified_gmt":"2017-02-16T09:12:48","slug":"aku-tegemised-veebruaris-ja-martsi-alguses","status":"publish","type":"post","link":"https:\/\/www.terveilm.ee\/leht\/blogi\/aku-tegemised-veebruaris-ja-martsi-alguses\/","title":{"rendered":"AK\u00dc tegemised veebruaris ja m\u00e4rtsi alguses"},"content":{"rendered":"<p style=\"text-align: left;\"><b>Kevad tuleb j\u00f5udsalt l\u00e4hemale, meie v\u00f5tame korraks veidi rahulikumalt, et siis naistep\u00e4eva kandis taas t\u00e4istuuridel arengukoost\u00f6\u00f6 ja globaalse kestliku arengu teemadega edasi liikuda. Jalgu me siiski p\u00e4ris seinale ei viska, vaikselt sahistame Telliskivi \u00fchiskontoris ja mujalgi edasi:<\/b><\/p>\n<ul>\n<li style=\"font-weight: 400;\"><span style=\"font-weight: 400;\">6. ja 7. veebruaril veetsid Sigrid, Katrin ning 2016. aasta GLEN vabatahtlikud Johanna ning Maia kaks toredat p\u00e4eva kohtudes k\u00f5ikide GLEN programmi intervjuuvooru p\u00e4\u00e4senud kandidaatidega. L\u00f5plik valik tehakse paari p\u00e4eva jooksul ning siis saame v\u00e4lja kuulutada j\u00e4rgmise toreda Eesti noorte professionaalide seltskonna, kes tuleval suvel arenguriikidesse vabatahtlikku t\u00f6\u00f6d tegema l\u00e4hevad. <\/span><\/li>\n<li style=\"font-weight: 400;\"><span style=\"font-weight: 400;\">2016. aasta GLEN vabatahtlikud Maia, Johanna, Irina, Kristiina ja Mari t\u00f6\u00f6tavad usinalt esimesel kevadkuul Kultuurikatlas toimuva n\u00e4ituse ja arutelu\u00f5htute seeria kallal. Eelteatena h\u00f5ikame v\u00e4lja, et n\u00e4itus \u201eNaised naise pilgu l\u00e4bi\u201c on Katlas m\u00e4rtsikuust, lisainfo j\u00f5uab teieni k\u00f5ikv\u00f5imalike infokanalite kaudu!<\/span><\/li>\n<li style=\"font-weight: 400;\"><span style=\"font-weight: 400;\">Kommunikatsioonirindelt teatame, et Katrin on m\u00e4rtsikuuni puhkusel, tema asemel toimetab meil praktikant Andra, kelle \u00f5lul sotsiaalmeedia ja teised jooksvad tegevused. Andra on hakkaja kommunikatsioonitudeng Tartust, kel tagataskus kogemus avalikust- ja erasektorist ning kes soovib AK\u00dc pisikese naiskonna ridades ka vaba\u00fchenduste elu n\u00e4ha ja tunda. <\/span><\/li>\n<li style=\"font-weight: 400;\"><span style=\"font-weight: 400;\">Samal ajal on meil ka praktikant Marie, kelle \u00fclesandeks on kaardistada AK\u00dc jaoks siiani kaardil valge laiguna s\u00e4ranud kohalike omavalitsuste maailma. Usume, et regionaalne tasand on kestliku arengu saavutamiseks \u00fclioluline ja oleme kindlad, et paljud omavalitsused ja kohalikud kodaniku\u00fchendused sel teemal ka toimetavad. Kes ja kuidas, see on k\u00fcsimus, millele Marie vastust otsib. Kui aga lugejatel on m\u00f5tteid ja ettepanekuid, kuidas AK\u00dc saaks globaalse kestliku arengu teemadega kohalikku elu v\u00e4rvikamaks muuta v\u00f5i inimesi inspireerida, andke m\u00e4rku!<\/span><\/li>\n<li style=\"font-weight: 400;\"><span style=\"font-weight: 400;\">Toimetame-kujundame hetkel CONCORDi kestliku arengu peamisi v\u00e4ljakutseid anal\u00fc\u00fcsivat raporti \u201eKestlik areng: panused on k\u00f5rged\u201c eestikeelset versiooni. K\u00e4ttesaadav veebruari l\u00f5pust. Kes aga eestikeelset varianti \u00e4ra oodata ei malda, saab ingliskeelse <\/span><a href=\"https:\/\/concordeurope.org\/wp-content\/uploads\/2016\/11\/SustainableDevelopment_publication_2016_web.pdf?f4d97b\"><span style=\"font-weight: 400;\">raportiga tutvuda siin<\/span><\/a><span style=\"font-weight: 400;\">. \u00a0<\/span><\/li>\n<li style=\"font-weight: 400;\"><span style=\"font-weight: 400;\">S\u00e4\u00e4stev Eesti 21 ja kestliku arengu eesm\u00e4rkide raames liigume koos SAKiga edasi. Veebruari l\u00f5pus toimub t\u00f6\u00f6seminar, kus vaadatakse, kuidas nende kahe olulise kava eesm\u00e4rke ja alateemasid integreerida. AK\u00dc on kohal, sest Eesti kestlik areng on osa globaalsest kestlikust arengust! <\/span><\/li>\n<li style=\"font-weight: 400;\"><span style=\"font-weight: 400;\">Uus t\u00f6\u00f6hooaeg on alanud ka CONCORDi t\u00f6\u00f6gruppides. Sigrid l\u00e4heb m\u00e4rtsis CONCORD HUB 1 kohtumisele, kus lauale tulevad muuhulgas just Agenda 2030 rakendamine Euroopas ja liikmesriikides ning poliitikavaldkondade sidususe teemal huvikaitse tegemine.<\/span><\/li>\n<\/ul>\n<p>&nbsp;<\/p>\n","protected":false},"excerpt":{"rendered":"<p>Kevad tuleb j\u00f5udsalt l\u00e4hemale, meie v\u00f5tame korraks veidi rahulikumalt, et siis naistep\u00e4eva kandis taas t\u00e4istuuridel arengukoost\u00f6\u00f6 ja globaalse kestliku arengu&#8230;<\/p>\n","protected":false},"author":32,"featured_media":7543,"comment_status":"open","ping_status":"open","sticky":false,"template":"","format":"standard","meta":{"_acf_changed":false,"footnotes":""},"categories":[7],"tags":[31,35,27],"class_list":["post-7542","post","type-post","status-publish","format-standard","has-post-thumbnail","hentry","category-uudised","tag-aku","tag-arengukoostoo","tag-vabatahtlikud"],"acf":[],"_links":{"self":[{"href":"https:\/\/www.terveilm.ee\/leht\/wp-json\/wp\/v2\/posts\/7542","targetHints":{"allow":["GET"]}}],"collection":[{"href":"https:\/\/www.terveilm.ee\/leht\/wp-json\/wp\/v2\/posts"}],"about":[{"href":"https:\/\/www.terveilm.ee\/leht\/wp-json\/wp\/v2\/types\/post"}],"author":[{"embeddable":true,"href":"https:\/\/www.terveilm.ee\/leht\/wp-json\/wp\/v2\/users\/32"}],"replies":[{"embeddable":true,"href":"https:\/\/www.terveilm.ee\/leht\/wp-json\/wp\/v2\/comments?post=7542"}],"version-history":[{"count":5,"href":"https:\/\/www.terveilm.ee\/leht\/wp-json\/wp\/v2\/posts\/7542\/revisions"}],"predecessor-version":[{"id":7548,"href":"https:\/\/www.terveilm.ee\/leht\/wp-json\/wp\/v2\/posts\/7542\/revisions\/7548"}],"wp:featuredmedia":[{"embeddable":true,"href":"https:\/\/www.terveilm.ee\/leht\/wp-json\/wp\/v2\/media\/7543"}],"wp:attachment":[{"href":"https:\/\/www.terveilm.ee\/leht\/wp-json\/wp\/v2\/media?parent=7542"}],"wp:term":[{"taxonomy":"category","embeddable":true,"href":"https:\/\/www.terveilm.ee\/leht\/wp-json\/wp\/v2\/categories?post=7542"},{"taxonomy":"post_tag","embeddable":true,"href":"https:\/\/www.terveilm.ee\/leht\/wp-json\/wp\/v2\/tags?post=7542"}],"curies":[{"name":"wp","href":"https:\/\/api.w.org\/{rel}","templated":true}]}}