{"id":7558,"date":"2017-02-23T14:42:32","date_gmt":"2017-02-23T12:42:32","guid":{"rendered":"http:\/\/www.terveilm.ee\/leht\/?p=7558"},"modified":"2017-02-23T14:43:28","modified_gmt":"2017-02-23T12:43:28","slug":"aku-liikmete-eelinfo-27-veebruar-05-marts","status":"publish","type":"post","link":"https:\/\/www.terveilm.ee\/leht\/blogi\/aku-liikmete-eelinfo-27-veebruar-05-marts\/","title":{"rendered":"AK\u00dc liikmete eelinfo 27.veebruar &#8211; 05.m\u00e4rts"},"content":{"rendered":"<p>&nbsp;<\/p>\n<p>&nbsp;<\/p>\n<p><b>Arengukoost\u00f6\u00f6 \u00dcmarlaud<\/b><\/p>\n<ul>\n<li style=\"font-weight: 400;\"><span style=\"font-weight: 400;\">Kolmap\u00e4eval, 1. m\u00e4rtsil kell 18.00 avab Arengukoost\u00f6\u00f6 \u00dcmarlaud Tallinnas Kultuurikatlas GLEN 2016 vabatahtlike foton\u00e4ituse &#8220;Naised naise pilgu l\u00e4bi&#8221;. Viis Eesti naist k\u00e4isid 2016. aastal GLEN vabatahtlikena viies arenguriigis. Igas riigis kohtusid nad naistega, kes olid ettev\u00f5tlikud, tugevad, leidlikud, targad ning elur\u00f5\u00f5msad. See n\u00e4itus ongi neist!<\/span><\/li>\n<\/ul>\n<ul>\n<li style=\"font-weight: 400;\"><span style=\"font-weight: 400;\">Kolmap\u00e4eval, 1. m\u00e4rtsil kell 18.30 toimub sealsamas Kultuurikatlas arutelusarja &#8220;<\/span><span style=\"font-weight: 400;\">M\u00f5tteid inimeseks olemises<\/span><span style=\"font-weight: 400;\">&#8221; esimene<\/span><b> arutelu\u00f5htu &#8220;Vabatahtlikkuse v\u00f5lu ja valu&#8221;<\/b><span style=\"font-weight: 400;\">, mida modereerib vabatahtlikuna Kamerunis naisettev\u00f5tlust arendanud Maia Klaassen, teiste seas osalevad Janika Tamm (MT\u00dc Mondo) ja Peeter Vihma (endine GLEN vabatahtlik). <\/span><\/li>\n<\/ul>\n<p>Lisainfo: Sigrid Solnik, 5234104, <a href=\"mailto:sigrid@terveilm.ee\">sigrid@terveilm.ee<\/a><\/p>\n<p><b>Eesti Inim\u00f5iguste Keskus<\/b><\/p>\n<ul>\n<li style=\"font-weight: 400;\"><span style=\"font-weight: 400;\">Mitmekesisust v\u00e4\u00e4rtustavate ettev\u00f5tete ja organisatsioonide esindajad on oodatud 1. m\u00e4rtsil kell 10.00-12.00 Nordic Hotel Forumi konverentsikeskusesse 19. aprillil toimuvat <\/span><b>mitmekesisuse p\u00e4eva tutvustavale infoseminarile<\/b><span style=\"font-weight: 400;\">. Rohkem infot: <\/span><span style=\"font-weight: 400;\"><a href=\"https:\/\/humanrights.ee\/2017\/02\/mitmekesisuse-paeva-infoseminar\/\">https:\/\/humanrights.ee\/2017\/02\/mitmekesisuse-paeva-infoseminar\/<\/a><\/span><\/li>\n<\/ul>\n<p><span style=\"font-weight: 400;\">Lisainfo ja registreerumine: Liina Rajaveer, 644 5148, <\/span><a href=\"mailto:liina.rajaveer@humanrights.ee\"><span style=\"font-weight: 400;\">liina.rajaveer@humanrights.ee<\/span><\/a><\/p>\n<ul>\n<li style=\"font-weight: 400;\"><b>Eesti NATO \u00dching<\/b><span style=\"font-weight: 400;\">, Eesti Naisliit, Eesti Ettev\u00f5tlike Naiste Assotsiatsioon (BPW Estonia) ja Eesti Juristide Liit korraldavad koost\u00f6\u00f6s<\/span><b> Eestimaa VII naiste kongressi<\/b><span style=\"font-weight: 400;\">, mis toimub Tallinnas Rahvusraamatukogus (T\u00f5nism\u00e4gi 2) 3. m\u00e4rtsil kell 9.00-18.00. \u00dcritusele saab registreerida <\/span><a href=\"https:\/\/docs.google.com\/a\/eata.ee\/forms\/d\/e\/1FAIpQLSfi6TYQw6PidplVPeC0Y7GcPo9URF7JbauVYNNVzSNVWURlUg\/viewform?c=0&amp;w=1\"><span style=\"font-weight: 400;\">SIIN<\/span><\/a><span style=\"font-weight: 400;\">.<\/span><\/li>\n<\/ul>\n<p><span style=\"font-weight: 400;\">Lisainfo: Mariita Mattiisen, 55 673 876, \u00a0<\/span><a href=\"mailto:info@eata.ee\"><span style=\"font-weight: 400;\">info@eata.ee<\/span><\/a><\/p>\n<ul>\n<li style=\"font-weight: 400;\"><b>Eesti Idapartnerluse Keskus <\/b><span style=\"font-weight: 400;\">korraldab 1.-4. m\u00e4rtsil treeningvisiidi Valgevene Rahvusliku Statistikakomitee ja \u00fchenduse \u201eInfopark\u201c k\u00f5rgematele ametnikele. Visiidi eesm\u00e4rk on jagada Eesti kogemust rahvaloenduse l\u00e4biviimisel digitaalselt ja elektroonilise identimise ning usaldusteenuste kasutamisel. Valgevenes on rahvaloendus plaanitud l\u00e4bi viia 2019. aasta s\u00fcgisel.<\/span><\/li>\n<\/ul>\n<p><span style=\"font-weight: 400;\">Lisainfo: Herol Marjak, 5154084, <\/span><a href=\"mailto:herol.marjak@eceap.eu\"><span style=\"font-weight: 400;\">herol.marjak@eceap.eu<\/span><\/a><\/p>\n<p><b>MT\u00dc Mondo<\/b><\/p>\n<ul>\n<li style=\"font-weight: 400;\"><span style=\"font-weight: 400;\">MT\u00dc Mondo alustas 21.02 <\/span><b>uuringuga Eesti koolijuhtide seas<\/b><span style=\"font-weight: 400;\">. Uuringu eesm\u00e4rgiks on kaardistada direktorite, \u00f5ppealajuhatajate ning arendusjuhtide arusaamad v\u00e4\u00e4rtuskasvatusest ja riikliku \u00f5ppekava \u00fcldosast ning nende rakendamisest koolides. Ootame koolijuhte t\u00e4itma <\/span><a href=\"https:\/\/www.surveymonkey.net\/r\/?sm=HG6x5PUkgeyhZxPgk3bmPvbZkyV3fXFMs8vvxkfBrrM_3D\"><span style=\"font-weight: 400;\">elektroonilist k\u00fcsimustikku,<\/span><\/a><span style=\"font-weight: 400;\"> mille k\u00fcsimused puudutavad nende isiklikke hinnanguid, arusaamu ja praktikaid koolides. T\u00e4psem info: <\/span><span style=\"font-weight: 400;\"><a href=\"http:\/\/www.maailmakool.ee\/teated\/koolijuhtide-kusitlus-maailmaharidus-ja-vaartuskasvatus\/\">http:\/\/www.maailmakool.ee\/teated\/koolijuhtide-kusitlus-maailmaharidus-ja-vaartuskasvatus\/<\/a><\/span><\/li>\n<\/ul>\n<ul>\n<li style=\"font-weight: 400;\"><span style=\"font-weight: 400;\">MT\u00dc Mondo toel toimub 28.02\u201331.03 <\/span><b>Ukrainas<\/b><span style=\"font-weight: 400;\"> T\u0161ernigivis maailmahariduse ja <\/span><b>inim\u00f5iguste koolitus <\/b><span style=\"font-weight: 400;\">kriisipiirkonna koolide <\/span><b>\u00f5petajatele<\/b><span style=\"font-weight: 400;\">. Antud koolitus on osaks \u00f5ppeaasta jooksul v\u00e4ltavast koolitusprogrammist Luganski oblasti koolidele. Eesti kogemust annab edasi Tallinna Pae G\u00fcmnaasiumi \u00fchiskonna\u00f5petuse \u00f5petaja Pavel Alonov, kes oma kooli n\u00e4itel v\u00f5tab s\u00f5na \u00f5pilaste v\u00e4\u00e4rtuskasvatusest koolis ning lisaks tutvustab erinevaid aktiiv\u00f5ppemeetodeid. Infot vene keeles hiljutistest koolitusprogrammi tegevustest leiab siit: <\/span><a href=\"http:\/\/vostok-sos.org\/razvitie-shkolnyh-soobshchestv-trekhizbenka-starobelsk-rubezhnoe\/\"><span style=\"font-weight: 400;\">http:\/\/vostok-sos.org\/razvitie-shkolnyh-soobshchestv-trekhizbenka-starobelsk-rubezhnoe\/<\/span><\/a><span style=\"font-weight: 400;\"> Koolitust korraldab MT\u00dc Mondo koost\u00f6\u00f6s Ukraina partnerite VostokSOS ja T\u0161ernigivi Inim\u00f5iguste Majaga ning seda rahastab Eesti V\u00e4lisministeerium.<\/span><\/li>\n<\/ul>\n<ul>\n<li style=\"font-weight: 400;\"><span style=\"font-weight: 400;\">MT\u00dc Mondo kutsub huvilisi 02.03 k\u00fclla, et r\u00e4\u00e4kida <\/span><b>S\u00fc\u00fcria pagulaste olukorrast \u00fcmbritsevates naaberriikides<\/b><span style=\"font-weight: 400;\">: Liibanonis, T\u00fcrgis ja Jordaanias, kus ka MT\u00dc Mondo t\u00f6\u00f6tab. \u00dcrituse info Facebookis: <\/span><span style=\"font-weight: 400;\"><a href=\"https:\/\/web.facebook.com\/events\/1836333906628982\/\">https:\/\/web.facebook.com\/events\/1836333906628982\/<\/a><\/span><\/li>\n<\/ul>\n<p><span style=\"font-weight: 400;\">Lisainfo: <\/span><span style=\"font-weight: 400;\">Aliine Lotman, 58416717, <\/span><a href=\"mailto:aliine@mondo.org.ee\"><span style=\"font-weight: 400;\">aliine@mondo.org.ee<\/span><\/a><\/p>\n<p><b>E-riigi Akadeemia<\/b><\/p>\n<ul>\n<li style=\"font-weight: 400;\"><b>03.03 <\/b><span style=\"font-weight: 400;\">k\u00fclastavad E-riigi Akadeemiat kaheksa <\/span><b>Kolumbia<\/b><span style=\"font-weight: 400;\"> ajakirjanikku, kellele Arvo Ott tutvustab e-valitsemist Eestis ja eGA tegevusi maailmas.<\/span><\/li>\n<\/ul>\n<ul>\n<li style=\"font-weight: 400;\"><span style=\"font-weight: 400;\">Gruusias algas e-kaasamislahenduste arendamise projekt kolmes omavalitsuses. Projekti rahastab USAID ja V\u00e4lisministeerium arengukoost\u00f6\u00f6 raames. Projekt pakub praktilist abi olemasolevate protsesside ja e-lahenduste parandamisel ning uute tutvustamisel, et kolmes linnas \u00a0&#8211; Kutaisis, Batumis ja Akhaltsikhes \u2013 suurendada elanike kaasatust omavalitsuste juhtimises. Rohkem infot <\/span><a href=\"http:\/\/www.ega.ee\/et\/project\/e-kaasamislahenduste-rakendamine-gruusia-omavalitsustes\/\"><span style=\"font-weight: 400;\">eGA veebist<\/span><\/a><span style=\"font-weight: 400;\">.<\/span><\/li>\n<\/ul>\n<p><span style=\"font-weight: 400;\">Lisainfo: <\/span><span style=\"font-weight: 400;\">Anu Vahtra-Hellat, \u00a0517 7671, <\/span><a href=\"mailto:anu.vahtra-hellat@ega.ee\"><span style=\"font-weight: 400;\">anu.vahtra-hellat@ega.ee<\/span><\/a><\/p>\n<p><b>Eesti Pagulasabi<\/b><\/p>\n<ul>\n<li style=\"font-weight: 400;\"><span style=\"font-weight: 400;\">Esmasp\u00e4eval, 27. veebruaril on <\/span><b>Eestis k\u00fclas pagulasvaldkonna eksperdid Hollandist.<\/b><span style=\"font-weight: 400;\"> Seminari k\u00e4igus k\u00e4ime l\u00e4bi sealse s\u00fcsteemi \u00fclesehituse algusest l\u00f5puni: alustades sellest, kuidas toimub kvoodikava raames inimeste v\u00e4ljavalimine ja nende ettevalmistamine, ning l\u00f5petades sellega, kuidas toetatakse nende kohanemist ja l\u00f5imumist Hollandi \u00fchiskonnas. \u00dcritus toimub Euroopa hotellis (Paadi 5, Tallinn) kell 10-16. Registreerida saab siin: <\/span><span style=\"font-weight: 400;\">kerli.zirk@siseministeerium.ee<\/span><\/li>\n<\/ul>\n<p><span style=\"font-weight: 400;\">Lisainfo: Eero Janson, 517 4334, <\/span><a href=\"mailto:eero@pagulasabi.ee\"><span style=\"font-weight: 400;\">eero@pagulasabi.ee<\/span><\/a><\/p>\n<p>&nbsp;<\/p>\n<p>&nbsp;<\/p>\n<p><em>Foto:<\/em> MT\u00dc Mondo<\/p>\n<p>&nbsp;<\/p>\n","protected":false},"excerpt":{"rendered":"<p>&nbsp; &nbsp; Arengukoost\u00f6\u00f6 \u00dcmarlaud Kolmap\u00e4eval, 1. m\u00e4rtsil kell 18.00 avab Arengukoost\u00f6\u00f6 \u00dcmarlaud Tallinnas Kultuurikatlas GLEN 2016 vabatahtlike foton\u00e4ituse &#8220;Naised naise&#8230;<\/p>\n","protected":false},"author":32,"featured_media":7563,"comment_status":"open","ping_status":"open","sticky":false,"template":"","format":"standard","meta":{"_acf_changed":false,"footnotes":""},"categories":[7],"tags":[31],"class_list":["post-7558","post","type-post","status-publish","format-standard","has-post-thumbnail","hentry","category-uudised","tag-aku"],"acf":[],"_links":{"self":[{"href":"https:\/\/www.terveilm.ee\/leht\/wp-json\/wp\/v2\/posts\/7558","targetHints":{"allow":["GET"]}}],"collection":[{"href":"https:\/\/www.terveilm.ee\/leht\/wp-json\/wp\/v2\/posts"}],"about":[{"href":"https:\/\/www.terveilm.ee\/leht\/wp-json\/wp\/v2\/types\/post"}],"author":[{"embeddable":true,"href":"https:\/\/www.terveilm.ee\/leht\/wp-json\/wp\/v2\/users\/32"}],"replies":[{"embeddable":true,"href":"https:\/\/www.terveilm.ee\/leht\/wp-json\/wp\/v2\/comments?post=7558"}],"version-history":[{"count":3,"href":"https:\/\/www.terveilm.ee\/leht\/wp-json\/wp\/v2\/posts\/7558\/revisions"}],"predecessor-version":[{"id":7565,"href":"https:\/\/www.terveilm.ee\/leht\/wp-json\/wp\/v2\/posts\/7558\/revisions\/7565"}],"wp:featuredmedia":[{"embeddable":true,"href":"https:\/\/www.terveilm.ee\/leht\/wp-json\/wp\/v2\/media\/7563"}],"wp:attachment":[{"href":"https:\/\/www.terveilm.ee\/leht\/wp-json\/wp\/v2\/media?parent=7558"}],"wp:term":[{"taxonomy":"category","embeddable":true,"href":"https:\/\/www.terveilm.ee\/leht\/wp-json\/wp\/v2\/categories?post=7558"},{"taxonomy":"post_tag","embeddable":true,"href":"https:\/\/www.terveilm.ee\/leht\/wp-json\/wp\/v2\/tags?post=7558"}],"curies":[{"name":"wp","href":"https:\/\/api.w.org\/{rel}","templated":true}]}}