{"id":7566,"date":"2017-03-01T11:33:13","date_gmt":"2017-03-01T09:33:13","guid":{"rendered":"http:\/\/www.terveilm.ee\/leht\/?p=7566"},"modified":"2017-03-01T11:33:13","modified_gmt":"2017-03-01T09:33:13","slug":"kultuurikatlas-alustab-aruteluohtute-sari-motteid-inimeseks-olemisest","status":"publish","type":"post","link":"https:\/\/www.terveilm.ee\/leht\/blogi\/kultuurikatlas-alustab-aruteluohtute-sari-motteid-inimeseks-olemisest\/","title":{"rendered":"Kultuurikatlas alustab arutelu\u00f5htute sari &#8220;M\u00f5tteid inimeseks olemisest&#8221;"},"content":{"rendered":"<p>Hommikud on \u00fcha valgemad ning \u00f5htud aina pikemad, linnud laulavad ja loodus t\u00e4rkab. See t\u00e4hendab vaid \u00fcht &#8211; \u00f5hus on tunda kevadet!<\/p>\n<p>Kevade saabumist tervitavad ka meie tublid 2016. aasta GLEN vabatahtlikud Maia, Irina, Johanna, Mari ja Kristiina, avades <strong>1. m\u00e4rtsil kell 18.00<\/strong> Kultuurikatlas <strong>foton\u00e4ituse \u201cNaised naiste pilgu l\u00e4bi\u201d<\/strong>. Kutsume k\u00f5iki vaatama, millised on lood naistest Kamerunis, Tansaanias, Nepalis, Ghanas ja Gruusias. N\u00e4itus on avatud aprilli keskpaigani.<\/p>\n<p>See ei ole veel k\u00f5ik, sest m\u00e4rtsikuu jooksul toimub Kultuurikatlas arutelu\u00f5htute sari \u201cM\u00f5tteid inimeseks olemisest\u201d. Kokku toimub sarja raames neli arutelu, mis k\u00f5ik k\u00e4sitlevad erinevat teemat. Loodetavasti leidub sealt k\u00f5igile midagi meelep\u00e4rast!<\/p>\n<p><strong>Esimene<\/strong> vestlus\u00f5htu toimubki juba <strong>1. m\u00e4rtsil<\/strong> <strong>kell 18.30<\/strong> teemal \u201cVabatahtlikkuse v\u00f5lu ja valu\u201d. Sellest, kas vabatahtlik t\u00f6\u00f6 toob alati kasu v\u00f5i v\u00f5ib teha ka kahju r\u00e4\u00e4givad Maia Klaassen (GLEN 2016 vabatahtlik Kamerunis), Janika Tamm, MT\u00dc Mondo vabatahtlike koordinaator ja Peeter Vihma, 2008. a. GLEN vabatahtlik Keenias. P\u00e4rast arutelu n\u00e4idatakse inimlikkuse ja inimeseks olemise temaatikat lahkavat filmi HUMAN esimest osa.<\/p>\n<p><strong>Teine<\/strong> vestlus\u00f5htu toimub <strong>5. m\u00e4rtsil<\/strong> <strong>kell 16.00<\/strong> teemal &#8220;Inimesed tehiskeskkonnas&#8221;. Arutelu veavad 2016. aasta GLENid Johanna Liblik (Nepal) ja Irina Evseeva (Tansaania). T\u00e4psemalt r\u00e4\u00e4gitakse kuidas on omavahel seotud v\u00e4\u00e4rtused, areng, reostus, tehisruum ja tarbimine. Linastub ka filmi HUMAN II osa.<\/p>\n<p><strong>Kolmas<\/strong> arutelu on <strong>8. m\u00e4rtsil<\/strong> <strong>kell 18.00<\/strong>, mille teemaks on v\u00e4\u00e4rtushinnangute, elu m\u00f5tte ja kultuuritausta seosed. Vaatame korraks kultuuri pealmistest markeritest, lippudest, rahvariietest ja rahvustoiddust s\u00fcgavamale. Arutelu taga on 2016. aasta GLEN Gruusias, Kristiina Roosild. Linastub film HUMAN III osa.<\/p>\n<p><strong>Neljas <\/strong>arutelu toimub <strong>12. m\u00e4rtsil kell 16.00<\/strong> kus uurime, miks on feminism Eestis ropp s\u00f5na? Arenguriikides kipuvad naiste \u00f5igused v\u00e4hemalt kontseptsioonina palju enam &#8220;p\u00fcha lehma&#8221; staatuses olevat.<\/p>\n<p>\u00dcritust korraldavad Arengukoost\u00f6\u00f6 \u00dcmarlaud ja GLEN 2016 vabatahtlikud. GLEN projekti rahastab Eesti V\u00e4lisministeerium arengukoost\u00f6\u00f6 ja humanitaarabi vahenditest. AK\u00dc tuhat t\u00e4nu l\u00e4hevad veel Kultuurikatlale kui heale koost\u00f6\u00f6partnerile. HUMAN film j\u00f5uab teieni t\u00e4nu Vivien Dasset&#8217;le (assistante responsible projet HUMAN) ja Julia Schultele (France T\u00e9l\u00e9visions).<\/p>\n<p>Kohtumiseni Kultuurikatlas!<\/p>\n<p><em>Foto: Arengukoost\u00f6\u00f6 \u00dcmarlaud<\/em><\/p>\n","protected":false},"excerpt":{"rendered":"<p>Hommikud on \u00fcha valgemad ning \u00f5htud aina pikemad, linnud laulavad ja loodus t\u00e4rkab. See t\u00e4hendab vaid \u00fcht &#8211; \u00f5hus on&#8230;<\/p>\n","protected":false},"author":32,"featured_media":7567,"comment_status":"open","ping_status":"open","sticky":false,"template":"","format":"standard","meta":{"_acf_changed":false,"footnotes":""},"categories":[7],"tags":[31,23,29,27],"class_list":["post-7566","post","type-post","status-publish","format-standard","has-post-thumbnail","hentry","category-uudised","tag-aku","tag-inimoigused","tag-sundmused","tag-vabatahtlikud"],"acf":[],"_links":{"self":[{"href":"https:\/\/www.terveilm.ee\/leht\/wp-json\/wp\/v2\/posts\/7566","targetHints":{"allow":["GET"]}}],"collection":[{"href":"https:\/\/www.terveilm.ee\/leht\/wp-json\/wp\/v2\/posts"}],"about":[{"href":"https:\/\/www.terveilm.ee\/leht\/wp-json\/wp\/v2\/types\/post"}],"author":[{"embeddable":true,"href":"https:\/\/www.terveilm.ee\/leht\/wp-json\/wp\/v2\/users\/32"}],"replies":[{"embeddable":true,"href":"https:\/\/www.terveilm.ee\/leht\/wp-json\/wp\/v2\/comments?post=7566"}],"version-history":[{"count":1,"href":"https:\/\/www.terveilm.ee\/leht\/wp-json\/wp\/v2\/posts\/7566\/revisions"}],"predecessor-version":[{"id":7568,"href":"https:\/\/www.terveilm.ee\/leht\/wp-json\/wp\/v2\/posts\/7566\/revisions\/7568"}],"wp:featuredmedia":[{"embeddable":true,"href":"https:\/\/www.terveilm.ee\/leht\/wp-json\/wp\/v2\/media\/7567"}],"wp:attachment":[{"href":"https:\/\/www.terveilm.ee\/leht\/wp-json\/wp\/v2\/media?parent=7566"}],"wp:term":[{"taxonomy":"category","embeddable":true,"href":"https:\/\/www.terveilm.ee\/leht\/wp-json\/wp\/v2\/categories?post=7566"},{"taxonomy":"post_tag","embeddable":true,"href":"https:\/\/www.terveilm.ee\/leht\/wp-json\/wp\/v2\/tags?post=7566"}],"curies":[{"name":"wp","href":"https:\/\/api.w.org\/{rel}","templated":true}]}}