{"id":7570,"date":"2017-03-03T14:00:00","date_gmt":"2017-03-03T12:00:00","guid":{"rendered":"http:\/\/www.terveilm.ee\/leht\/?p=7570"},"modified":"2017-03-03T16:55:33","modified_gmt":"2017-03-03T14:55:33","slug":"aku-liikmete-eelinfo-6-12-marts","status":"publish","type":"post","link":"https:\/\/www.terveilm.ee\/leht\/blogi\/aku-liikmete-eelinfo-6-12-marts\/","title":{"rendered":"AK\u00dc liikmete eelinfo 6. &#8211; 12. m\u00e4rts"},"content":{"rendered":"<p><b>Arengukoost\u00f6\u00f6 \u00dcmarlaud<\/b><\/p>\n<ul>\n<li><span style=\"font-weight: 400;\">Kultuurikatlas on \u00fcleval \u00a0GLEN 2016 vabatahtlike<\/span> foton\u00e4itus <strong>\u201cNaised naiste pilgu l\u00e4bi\u201d<\/strong><span style=\"font-weight: 400;\">. Viis Eesti naist k\u00e4isid 2016. aastal GLEN vabatahtlikena viies arenguriigis. Igas riigis kohtusid nad naistega, kes olid ettev\u00f5tlikud, tugevad, leidlikud, targad ning elur\u00f5\u00f5msad. See n\u00e4itus ongi neist!<\/span><\/li>\n<\/ul>\n<p><b>Peipsi Koost\u00f6\u00f6 Keskus<\/b><\/p>\n<ul>\n<li style=\"font-weight: 400;\"><b>Peipsi Koost\u00f6\u00f6 Keskus<\/b><span style=\"font-weight: 400;\"> kutsub noori uurima ning kirjeldama keskkonnaalase eba\u00f5igluse juhtumeid. Alates m\u00e4rtsikuust kuni juuni l\u00f5puni kogutakse \u00fcheksa Euroopa riigi noorte poolt keskkonnaalase eba\u00f5igluse juhtumeid e-platvormile <\/span><a href=\"http:\/\/youth4ej.sameworld.eu\"><span style=\"font-weight: 400;\">http:\/\/youth4ej.sameworld.eu<\/span><\/a><span style=\"font-weight: 400;\">. Oodatud on juhtumite kirjeldused \u00fcle kogu maailma, kaasa arvatud ka Eestist. Osaleda saab lisades platvormile nii l\u00fchikirjeldusi kui ka p\u00f5hjalikumat s\u00fcvenemist n\u00f5udvate keskkonnaalase eba\u00f5igluse juhtumi kirjeldusi. Vaata l\u00e4hemalt <\/span><span style=\"font-weight: 400;\"><a href=\"http:\/\/www.ctc.ee\/leia-kiiresti\/uudised\/kutsume-ules-noori-uurima-ja-kirjeldama-keskkonnaalase-ebaoigluse-juhtumeid\">siit.<\/a><\/span><\/li>\n<\/ul>\n<p><span style=\"font-weight: 400;\">Lisainfo: Eeva Kirsipuu-Vadi, tel 5213881, <\/span><a href=\"mailto:eeva.vadi@gmail.com\"><span style=\"font-weight: 400;\">eeva.vadi@gmail.com<\/span><\/a><\/p>\n<p><b>MT\u00dc Fenno-Ugria Asutus<\/b><\/p>\n<ul>\n<li style=\"font-weight: 400;\"><span style=\"font-weight: 400;\">Kolmap\u00e4eval, 08. m\u00e4rtsil kell 17.00 toimub Eesti Keele Instituudi (Roosikrantsi 6) suures saalis Fenno-Ugria h\u00f5imuklubi \u201cSoome teadlased Siberis\u201d. R\u00e4\u00e4kima tuleb Helsingi \u00fclikooli professor Riho Gr\u00fcnthal <\/span><b>Soome kuulsate keeleteadlaste reisidest Siberisse soome-ugri rahvaste aladele<\/b><span style=\"font-weight: 400;\">. Rohkem infot leiad <\/span><a href=\"https:\/\/fennougria.ee\/events\/event\/hoimuklubi-keeleteadlane-riho-grunthal-venemaa-ekspeditsioonidest\/\"><span style=\"font-weight: 400;\">siit<\/span><\/a><span style=\"font-weight: 400;\">.<\/span><\/li>\n<\/ul>\n<p><span style=\"font-weight: 400;\">Lisainfo: Gerda K\u00e4rner, tel 644 5119,<\/span><a href=\"mailto:info@fennougria.ee\"><span style=\"font-weight: 400;\"> info@fennougria.ee <\/span><\/a><\/p>\n<p><b>Inim\u00f5iguste Instituut<\/b><\/p>\n<ul>\n<li style=\"font-weight: 400;\"><span style=\"font-weight: 400;\">10. m\u00e4rtsil r\u00e4\u00e4gitakse Chatham House\u2019is Londonis Krimmist ja krimmitatarlastest. Inim\u00f5iguste Instituudi eestvedamisel toimub arutelu Annexed Crimea: Crimean Tatars and their Struggle for Freedom, kus osalevad Euroopa parlamendi saadik Tunne Kelam ning Ukraina infoministeeriumi aseminister ja krimmitatari aktivist Emine D\u017eeppar. Rohkem infot leiad <\/span><a href=\"https:\/\/www.chathamhouse.org\/event\/annexed-crimea-crimean-tatars-and-their-struggle-freedom\"><span style=\"font-weight: 400;\">siit<\/span><\/a><span style=\"font-weight: 400;\">.<\/span><\/li>\n<\/ul>\n<ul>\n<li style=\"font-weight: 400;\"><span style=\"font-weight: 400;\">Inim\u00f5iguste Instituudil on k\u00e4sil rahvusvaheline projekt <\/span><b>\u201cKrimmitatarlaste inim\u00f5iguste eestkoste avaliku diplomaatia kaudu\u201d<\/b><span style=\"font-weight: 400;\">, mille eesm\u00e4rk on t\u00f5sta rahvusvahelist teadlikkust krimmitatarlastest kui Krimmi ja Ukraina p\u00f5lisrahvast. Projekti kohta leiab rohkem infot Instituudi <\/span><a href=\"http:\/\/www.humanrightsestonia.ee\/krimmitatari-avalik-diplomaatia\/\"><span style=\"font-weight: 400;\">veebist<\/span><\/a><span style=\"font-weight: 400;\">. <\/span><\/li>\n<\/ul>\n<p><span style=\"font-weight: 400;\">Lisainfo: Aet Kukk<\/span><span style=\"font-weight: 400;\">, <\/span><span style=\"font-weight: 400;\">+372 5330 2328,<\/span> <a href=\"mailto:info@eihr.ee\"><span style=\"font-weight: 400;\">info@eihr.ee<\/span><\/a><\/p>\n<p><b>MT\u00dc Mondo<\/b><\/p>\n<ul>\n<li style=\"font-weight: 400;\"><b>MT\u00dc Mondo<\/b><span style=\"font-weight: 400;\"> koost\u00f6\u00f6s Tartu \u00dclikooli ja Tallinna \u00dclikooli Balti Filmi- ja Meediakooliga v\u00f5tab 9. m\u00e4rtsil vastu pikaajalise kogemusega ning auhinnatud Soome ajakirjaniku, autori ning teleprodutsendi Rauli Virtaneni. Virtanen annab Eestis kaks avatud loengut, esimese neist Tartus 9. m\u00e4rtsi hommikul <\/span><a href=\"https:\/\/www.facebook.com\/events\/481222532267044\/\"><span style=\"font-weight: 400;\">9:30-11:00 Tartu \u00dclikoolis<\/span><\/a><span style=\"font-weight: 400;\"> (Lossi 36 ruum 214) ning teise Tallinnas sama p\u00e4eva \u00f5htupoolikul <\/span><a href=\"https:\/\/www.facebook.com\/events\/1251105541593357\/\"><span style=\"font-weight: 400;\">17:15-18:45 Balti Filmi- ja Meediakoolis<\/span><\/a><span style=\"font-weight: 400;\"> (Narva mnt.27 ruum A-212). K\u00e4sitlemisele tulevad tema ligi 40-aastane kogemus v\u00e4liskorrespondendina v\u00e4lisuudiste edastamisel ja toimetamisel, soorollid v\u00e4lisuudistes ning meedia roll s\u00f5ja- ning konfliktsituatsioonide raporteerimisel. Loengud toimuvad inglise keeles ning on avatud tudengitele ning teistele huvilistele. Palume <\/span><a href=\"https:\/\/docs.google.com\/forms\/d\/1GwCYkyVK6N_rwUYi4v4m5ZfilulcgPYelMSr75CttZw\/edit\"><span style=\"font-weight: 400;\">eelregistreerida<\/span><\/a><span style=\"font-weight: 400;\">, kuid vabade kohtade olemasolul v\u00f5ib tulla ka otse kohapeale!<\/span><\/li>\n<\/ul>\n<p><span style=\"font-weight: 400;\">Lisainfo: Mai Mikkelsaar, <\/span><span style=\"font-weight: 400;\">+3725540459<\/span><span style=\"font-weight: 400;\">, <\/span><a href=\"mailto:mai.mikkelsaar@mondo.org.ee\"><span style=\"font-weight: 400;\">mai.mikkelsaar@mondo.org.ee<\/span><\/a><\/p>\n<p><b>Eesti Idapartnerluse Keskus<\/b><\/p>\n<ul>\n<li style=\"font-weight: 400;\"><span style=\"font-weight: 400;\">7.-11. m\u00e4rtsil viib <strong>Eesti Idapartnerluse Keskus<\/strong> Eesti Arengukoost\u00f6\u00f6 projekti raames l\u00e4bi treeningvisiiti Gruusia regionaalsetele ajakirjanikele. Visiidil viibib j\u00e4rjekorras juba kolmas ajakirjanike grupp, kelle seekordseks fookuseks on haridus. Koolituse eesm\u00e4rk on demonstreerida Eesti hariduss\u00fcsteemi toimimist, Eesti ja Gruusia vahelist koost\u00f6\u00f6d hariduse valdkonnas ning anda \u00fclevaade ajakirjanike koolitamisest Eestis.<\/span><\/li>\n<\/ul>\n<p><span style=\"font-weight: 400;\">Lisainfo: Herol Marjak, 5154084, <a href=\"mailto:herol.marjak@eceap.eu\">herol.marjak@eceap.eu<\/a><\/span><\/p>\n<p><span style=\"font-weight: 400;\">Lisaks toimub mitme organisatsiooni koost\u00f6\u00f6s m\u00e4rtsis <\/span><b>naiste<\/b> <b>\u00f5iguste kuu m\u00e4rks\u00f5naga #naistEST<\/b><span style=\"font-weight: 400;\">. <\/span><span style=\"font-weight: 400;\">4. m\u00e4rtsist kuni 30. aprillini toimub Tallinnas rida s\u00fcndmusi koondpealkirja all #naistEST, mille fookuses on naiste \u00f5igused ja sooline v\u00f5rd\u00f5iguslikkus. Naiste \u00f5igustele p\u00fchendatud \u00fcritustesari #naistEST kutsub 4. m\u00e4rtsist kuni 30. aprillini osa saama temaatilistest n\u00e4itustest, filmiprogrammidest ja arutelu\u00f5htutest. Vaata l\u00e4hemalt: <\/span><a href=\"https:\/\/www.facebook.com\/naistest\/\"><span style=\"font-weight: 400;\">https:\/\/www.facebook.com\/naistest\/<\/span><\/a><span style=\"font-weight: 400;\"> \u00a0<\/span><span style=\"font-weight: 400;\"><br \/>\n<\/span><span style=\"font-weight: 400;\">Naiste \u00f5iguste kuud viivad l\u00e4bi Prantsuse Instituut Eestis, Inim\u00f5iguste Instituut, P\u00f5hjamaade Ministrite N\u00f5ukogu esindus Eestis, Feministeerium ja Okupatsioonide Muuseum.<\/span><\/p>\n<p><em>Foto: Inim\u00f5iguste Instituut<\/em><\/p>\n","protected":false},"excerpt":{"rendered":"<p>Arengukoost\u00f6\u00f6 \u00dcmarlaud Kultuurikatlas on \u00fcleval \u00a0GLEN 2016 vabatahtlike foton\u00e4itus \u201cNaised naiste pilgu l\u00e4bi\u201d. Viis Eesti naist k\u00e4isid 2016. aastal GLEN&#8230;<\/p>\n","protected":false},"author":32,"featured_media":7571,"comment_status":"open","ping_status":"open","sticky":false,"template":"","format":"standard","meta":{"_acf_changed":false,"footnotes":""},"categories":[7],"tags":[31],"class_list":["post-7570","post","type-post","status-publish","format-standard","has-post-thumbnail","hentry","category-uudised","tag-aku"],"acf":[],"_links":{"self":[{"href":"https:\/\/www.terveilm.ee\/leht\/wp-json\/wp\/v2\/posts\/7570","targetHints":{"allow":["GET"]}}],"collection":[{"href":"https:\/\/www.terveilm.ee\/leht\/wp-json\/wp\/v2\/posts"}],"about":[{"href":"https:\/\/www.terveilm.ee\/leht\/wp-json\/wp\/v2\/types\/post"}],"author":[{"embeddable":true,"href":"https:\/\/www.terveilm.ee\/leht\/wp-json\/wp\/v2\/users\/32"}],"replies":[{"embeddable":true,"href":"https:\/\/www.terveilm.ee\/leht\/wp-json\/wp\/v2\/comments?post=7570"}],"version-history":[{"count":4,"href":"https:\/\/www.terveilm.ee\/leht\/wp-json\/wp\/v2\/posts\/7570\/revisions"}],"predecessor-version":[{"id":7575,"href":"https:\/\/www.terveilm.ee\/leht\/wp-json\/wp\/v2\/posts\/7570\/revisions\/7575"}],"wp:featuredmedia":[{"embeddable":true,"href":"https:\/\/www.terveilm.ee\/leht\/wp-json\/wp\/v2\/media\/7571"}],"wp:attachment":[{"href":"https:\/\/www.terveilm.ee\/leht\/wp-json\/wp\/v2\/media?parent=7570"}],"wp:term":[{"taxonomy":"category","embeddable":true,"href":"https:\/\/www.terveilm.ee\/leht\/wp-json\/wp\/v2\/categories?post=7570"},{"taxonomy":"post_tag","embeddable":true,"href":"https:\/\/www.terveilm.ee\/leht\/wp-json\/wp\/v2\/tags?post=7570"}],"curies":[{"name":"wp","href":"https:\/\/api.w.org\/{rel}","templated":true}]}}