{"id":7633,"date":"2017-03-31T16:29:04","date_gmt":"2017-03-31T13:29:04","guid":{"rendered":"http:\/\/www.terveilm.ee\/leht\/?p=7633"},"modified":"2017-03-31T16:29:04","modified_gmt":"2017-03-31T13:29:04","slug":"aku-liikmete-eelinfo-3-9-aprill","status":"publish","type":"post","link":"https:\/\/www.terveilm.ee\/leht\/blogi\/aku-liikmete-eelinfo-3-9-aprill\/","title":{"rendered":"AK\u00dc liikmete eelinfo 3. &#8211; 9. aprill"},"content":{"rendered":"<p><strong>E-riigi Akadeemia<\/strong><\/p>\n<p>5. \u2013 7. aprillil\u00a0on E-riigi Akadeemias k\u00fcberturvalisuse koolitusel Iraagi parlamendisaadikud ja eksperdid.<\/p>\n<p>Lisainfo: Anu Vahtra-Hellat, \u00a0517 7671, <a href=\"mailto:anu.vahtra-hellat@ega.ee\">anu.vahtra-hellat@ega.ee<\/a><\/p>\n<p>&nbsp;<\/p>\n<p><strong>Fenno-Ugria Asutus<\/strong><\/p>\n<p>5. aprillil kell 17.00 toimub Eesti Keele Instituudi suures saalis (Roosikrantsi 6) h\u00f5imuklubi. Ajaloo esimest eesti-mari s\u00f5naraamatut esitlevad keeleteadlane <strong>Sven-Erik Soosaar<\/strong> ja mari doktorantidest s\u00f5naraamatu koostajad. K\u00f5lavad mari laulud <strong>Anna Mi\u0161ina<\/strong> ja kandlehelid <strong>Kristi M\u00fchlingi<\/strong> esituses. <strong>Dokumentaalfilmi \u201cEuroopa viimased paganad\u201d<\/strong> tutvustab Tartu \u00fclikooli etnoloogiadoktorant Erik Juz\u00f5kain.<\/p>\n<p>Lisainfo: Gerda K\u00e4rner, tel 644 5119, <a href=\"mailto:info@fennougria.ee\">info@fennougria.ee<\/a><\/p>\n<p>&nbsp;<\/p>\n","protected":false},"excerpt":{"rendered":"<p>E-riigi Akadeemia 5. \u2013 7. aprillil\u00a0on E-riigi Akadeemias k\u00fcberturvalisuse koolitusel Iraagi parlamendisaadikud ja eksperdid. Lisainfo: Anu Vahtra-Hellat, \u00a0517 7671, anu.vahtra-hellat@ega.ee&#8230;<\/p>\n","protected":false},"author":32,"featured_media":4282,"comment_status":"open","ping_status":"open","sticky":false,"template":"","format":"standard","meta":{"_acf_changed":false,"footnotes":""},"categories":[7],"tags":[31],"class_list":["post-7633","post","type-post","status-publish","format-standard","has-post-thumbnail","hentry","category-uudised","tag-aku"],"acf":[],"_links":{"self":[{"href":"https:\/\/www.terveilm.ee\/leht\/wp-json\/wp\/v2\/posts\/7633","targetHints":{"allow":["GET"]}}],"collection":[{"href":"https:\/\/www.terveilm.ee\/leht\/wp-json\/wp\/v2\/posts"}],"about":[{"href":"https:\/\/www.terveilm.ee\/leht\/wp-json\/wp\/v2\/types\/post"}],"author":[{"embeddable":true,"href":"https:\/\/www.terveilm.ee\/leht\/wp-json\/wp\/v2\/users\/32"}],"replies":[{"embeddable":true,"href":"https:\/\/www.terveilm.ee\/leht\/wp-json\/wp\/v2\/comments?post=7633"}],"version-history":[{"count":1,"href":"https:\/\/www.terveilm.ee\/leht\/wp-json\/wp\/v2\/posts\/7633\/revisions"}],"predecessor-version":[{"id":7634,"href":"https:\/\/www.terveilm.ee\/leht\/wp-json\/wp\/v2\/posts\/7633\/revisions\/7634"}],"wp:featuredmedia":[{"embeddable":true,"href":"https:\/\/www.terveilm.ee\/leht\/wp-json\/wp\/v2\/media\/4282"}],"wp:attachment":[{"href":"https:\/\/www.terveilm.ee\/leht\/wp-json\/wp\/v2\/media?parent=7633"}],"wp:term":[{"taxonomy":"category","embeddable":true,"href":"https:\/\/www.terveilm.ee\/leht\/wp-json\/wp\/v2\/categories?post=7633"},{"taxonomy":"post_tag","embeddable":true,"href":"https:\/\/www.terveilm.ee\/leht\/wp-json\/wp\/v2\/tags?post=7633"}],"curies":[{"name":"wp","href":"https:\/\/api.w.org\/{rel}","templated":true}]}}