{"id":7681,"date":"2017-04-14T15:03:44","date_gmt":"2017-04-14T12:03:44","guid":{"rendered":"http:\/\/www.terveilm.ee\/leht\/?p=7681"},"modified":"2017-04-14T15:05:17","modified_gmt":"2017-04-14T12:05:17","slug":"aku-liikmete-eelinfo-17-21-aprill","status":"publish","type":"post","link":"https:\/\/www.terveilm.ee\/leht\/blogi\/aku-liikmete-eelinfo-17-21-aprill\/","title":{"rendered":"AK\u00dc liikmete eelinfo 17. &#8211; 21. aprill"},"content":{"rendered":"<p><strong>Eesti Roheline Liikumine<\/strong><\/p>\n<p>18. aprill kell 18:00 toimub Tartu Loodusmajas arutelu koos t\u00f6\u00f6toaga &#8220;<a href=\"https:\/\/www.facebook.com\/events\/653555044832583\/\" target=\"_blank\">Kasvatame linnad lilleliseks!<\/a>&#8221; Arutletakse linnaruumi inims\u00f5bralikumaks muutmise \u00fcle, r\u00e4\u00e4kima tulevad Elava Tartu esindajad. Sellele j\u00e4rgneb seemnepallide t\u00f6\u00f6tuba, kus iga\u00fcks saab valmistada isikliku seemnepommi, millega unaralasid \u00f5ierikkamaks muuta.<\/p>\n<p>Lisainfo: Anna@roheline.ee, Anna Trei, +372 5645 4459<\/p>\n<p><strong>Eesti Idapartnerluse Keskus<\/strong><\/p>\n<p>Eesti Idapartnerluse Keskus toetab AgroForum Mare Balticum 2017 korraldamist Tartus 18-20. aprillil. Foorumi eesm\u00e4rgiks on kaasata Balti mere \u00e4\u00e4rsete riikide ja idapartnerluse riikide poliitikuid, ametnikke, teadlasi, p\u00f5llumajandustootjaid ja t\u00f6\u00f6tlejaid pidama dialoogi ja arutama erinevatel teemadel. 2017. aastal on tegemist juba viienda samaformaadilise konverentsiga ning selle aasta peateema on \u201cP\u00f5llumajanduselt maaelule.\u201c Foorumil osaleb ka Euroopa Parlamendi p\u00f5llumajanduse ja maaelu komisjoni delegatsioon.<\/p>\n<p>Lisainfo: Herol Marjak, 515 4084, <a href=\"mailto:herol.marjak@eceap.eu\">herol.marjak@eceap.eu<\/a><\/p>\n<p><strong>Fenno-Ugria Asutus<\/strong><\/p>\n<p>Fenno-Ugria h\u00f5imuklubis &#8220;<a href=\"https:\/\/fennougria.ee\/events\/event\/hoimuklubi-neenets-tatjana-lar\/\" target=\"_blank\">Kevadel saabuvad linnud ja neenetsid<\/a>&#8221; tutvustab kaugelt Neenetsimaalt k\u00fclla s\u00f5itnud v\u00e4ekas rahvalaulik Tatjana Lar neenetsi kultuuri. Keeleteadlane ja eesti-neenetsi s\u00f5naraamatu koostaja Sven-Erik Soosaar r\u00e4\u00e4gib neenetsi keele erip\u00e4radest. Kolmap\u00e4eval, 19. aprillil kell 17.00 Eesti Keele Instituudi (Roosikrantsi 6) suures saalis. Lisainfo: Fenno-Ugria Asutus, tel 644 5119, info@fennougria.ee, <a href=\"http:\/\/www.fennougria.ee\/\">www.fennougria.ee <\/a><\/p>\n<p>Lisainfo: Gerda K\u00e4rner, tel 644 5119, <a href=\"mailto:info@fennougria.ee\">info@fennougria.ee<\/a><\/p>\n<p><em>Foto: Eesti Roheline Liikumine<\/em><\/p>\n","protected":false},"excerpt":{"rendered":"<p>Eesti Roheline Liikumine 18. aprill kell 18:00 toimub Tartu Loodusmajas arutelu koos t\u00f6\u00f6toaga &#8220;Kasvatame linnad lilleliseks!&#8221; Arutletakse linnaruumi inims\u00f5bralikumaks muutmise&#8230;<\/p>\n","protected":false},"author":32,"featured_media":7682,"comment_status":"open","ping_status":"open","sticky":false,"template":"","format":"standard","meta":{"_acf_changed":false,"footnotes":""},"categories":[7],"tags":[31],"class_list":["post-7681","post","type-post","status-publish","format-standard","has-post-thumbnail","hentry","category-uudised","tag-aku"],"acf":[],"_links":{"self":[{"href":"https:\/\/www.terveilm.ee\/leht\/wp-json\/wp\/v2\/posts\/7681","targetHints":{"allow":["GET"]}}],"collection":[{"href":"https:\/\/www.terveilm.ee\/leht\/wp-json\/wp\/v2\/posts"}],"about":[{"href":"https:\/\/www.terveilm.ee\/leht\/wp-json\/wp\/v2\/types\/post"}],"author":[{"embeddable":true,"href":"https:\/\/www.terveilm.ee\/leht\/wp-json\/wp\/v2\/users\/32"}],"replies":[{"embeddable":true,"href":"https:\/\/www.terveilm.ee\/leht\/wp-json\/wp\/v2\/comments?post=7681"}],"version-history":[{"count":2,"href":"https:\/\/www.terveilm.ee\/leht\/wp-json\/wp\/v2\/posts\/7681\/revisions"}],"predecessor-version":[{"id":7684,"href":"https:\/\/www.terveilm.ee\/leht\/wp-json\/wp\/v2\/posts\/7681\/revisions\/7684"}],"wp:featuredmedia":[{"embeddable":true,"href":"https:\/\/www.terveilm.ee\/leht\/wp-json\/wp\/v2\/media\/7682"}],"wp:attachment":[{"href":"https:\/\/www.terveilm.ee\/leht\/wp-json\/wp\/v2\/media?parent=7681"}],"wp:term":[{"taxonomy":"category","embeddable":true,"href":"https:\/\/www.terveilm.ee\/leht\/wp-json\/wp\/v2\/categories?post=7681"},{"taxonomy":"post_tag","embeddable":true,"href":"https:\/\/www.terveilm.ee\/leht\/wp-json\/wp\/v2\/tags?post=7681"}],"curies":[{"name":"wp","href":"https:\/\/api.w.org\/{rel}","templated":true}]}}